{"id":9509,"date":"2022-09-01T08:45:12","date_gmt":"2022-09-01T11:45:12","guid":{"rendered":"https:\/\/blogs.correiobraziliense.com.br\/capital-sa\/?p=9509"},"modified":"2022-09-01T15:37:20","modified_gmt":"2022-09-01T18:37:20","slug":"empreendedor-usa-gamificacao-para-formar-liderancas-em-vendas","status":"publish","type":"post","link":"https:\/\/blogs.correiobraziliense.com.br\/capital-sa\/2022\/09\/01\/empreendedor-usa-gamificacao-para-formar-liderancas-em-vendas\/","title":{"rendered":"Empreendedor usa gamifica\u00e7\u00e3o para formar lideran\u00e7as em vendas"},"content":{"rendered":"<p class=\"p1\"><b>Por Samanta Sallum\u00a0<\/b><\/p>\n<p class=\"p1\"><span class=\"s3\">Luiz Ant\u00f4nio Braga, franqueado no DF da rede de bijuterias finas Morana, buscou a gamifica\u00e7\u00e3o para capacitar lideran\u00e7as da empresa.<span class=\"Apple-converted-space\">\u00a0<\/span>A estrat\u00e9gia consiste em fazer os participantes interagirem por meios digitais, desenvolvendo aptid\u00f5es. Para isso, o empres\u00e1rio procurou uma consultoria espec\u00edfica do Sebrae local. <\/span><\/p>\n<p class=\"p1\"><span class=\"s3\">\u00a0\u201c<\/span><span class=\"s4\">Usando recursos tecnol\u00f3gicos, simulamos com equipes uma empresa de log\u00edstica. Foi muito bom para verificar como estava o alinhamento estrat\u00e9gico, t\u00e1tico e operacional\u201d, conta Braga que 12 lojas no Distrito Federal.<\/span><\/p>\n<p class=\"p1\"><span class=\"s3\"><b>Aumento de vendas <\/b><\/span><\/p>\n<p class=\"p1\"><span class=\"s3\">A meta era gerar motiva\u00e7\u00e3o e desenvolvimento no quesito vendas. O resultado do trabalho p\u00f4de ser visto no faturamento, que aumentou 18%, depois da consultoria com o Sebrae DF.<\/span><\/p>\n<blockquote>\n<p class=\"p1\"><span class=\"s4\">\u201cFoi um processo de autoconhecimento para todos que participaram. \u00c9 not\u00e1vel a mudan\u00e7a na forma de cada um lidar com os problemas, solu\u00e7\u00f5es e desafios do com\u00e9rcio varejista\u201d<\/span><span class=\"s3\">, ressaltou o empres\u00e1rio.<\/span><\/p>\n<\/blockquote>\n<p class=\"p1\"><span class=\"s3\"><b>Expans\u00e3o <\/b><\/span><\/p>\n<p class=\"p1\"><span class=\"s3\">H\u00e1 19 anos no mercado, a Morana est\u00e1 em processo de expans\u00e3o e, hoje, conta com cerca de 300 franqueados em shoppings e ruas comerciais no Brasil, al\u00e9m de pontos de vendas tamb\u00e9m no exterior.<\/span><\/p>\n","protected":false},"excerpt":{"rendered":"<p>Por Samanta Sallum\u00a0 Luiz Ant\u00f4nio Braga, franqueado no DF da rede de bijuterias finas Morana, buscou a gamifica\u00e7\u00e3o para capacitar lideran\u00e7as da empresa.\u00a0A estrat\u00e9gia consiste em fazer os participantes interagirem por meios digitais, desenvolvendo aptid\u00f5es. Para isso, o empres\u00e1rio procurou uma consultoria espec\u00edfica do Sebrae local. \u00a0\u201cUsando recursos tecnol\u00f3gicos, simulamos com equipes uma empresa de log\u00edstica. Foi muito bom para [&hellip;]<\/p>\n","protected":false},"author":125,"featured_media":9514,"comment_status":"open","ping_status":"open","sticky":false,"template":"","format":"standard","meta":{"footnotes":""},"categories":[1],"tags":[1435,374,1437,1434,191,171],"class_list":["post-9509","post","type-post","status-publish","format-standard","has-post-thumbnail","hentry","category-sem-categoria","tag-bijuterias","tag-expansao","tag-gamificacao","tag-morana","tag-sebraedf","tag-vendas"],"_links":{"self":[{"href":"https:\/\/blogs.correiobraziliense.com.br\/capital-sa\/wp-json\/wp\/v2\/posts\/9509","targetHints":{"allow":["GET"]}}],"collection":[{"href":"https:\/\/blogs.correiobraziliense.com.br\/capital-sa\/wp-json\/wp\/v2\/posts"}],"about":[{"href":"https:\/\/blogs.correiobraziliense.com.br\/capital-sa\/wp-json\/wp\/v2\/types\/post"}],"author":[{"embeddable":true,"href":"https:\/\/blogs.correiobraziliense.com.br\/capital-sa\/wp-json\/wp\/v2\/users\/125"}],"replies":[{"embeddable":true,"href":"https:\/\/blogs.correiobraziliense.com.br\/capital-sa\/wp-json\/wp\/v2\/comments?post=9509"}],"version-history":[{"count":7,"href":"https:\/\/blogs.correiobraziliense.com.br\/capital-sa\/wp-json\/wp\/v2\/posts\/9509\/revisions"}],"predecessor-version":[{"id":9529,"href":"https:\/\/blogs.correiobraziliense.com.br\/capital-sa\/wp-json\/wp\/v2\/posts\/9509\/revisions\/9529"}],"wp:featuredmedia":[{"embeddable":true,"href":"https:\/\/blogs.correiobraziliense.com.br\/capital-sa\/wp-json\/wp\/v2\/media\/9514"}],"wp:attachment":[{"href":"https:\/\/blogs.correiobraziliense.com.br\/capital-sa\/wp-json\/wp\/v2\/media?parent=9509"}],"wp:term":[{"taxonomy":"category","embeddable":true,"href":"https:\/\/blogs.correiobraziliense.com.br\/capital-sa\/wp-json\/wp\/v2\/categories?post=9509"},{"taxonomy":"post_tag","embeddable":true,"href":"https:\/\/blogs.correiobraziliense.com.br\/capital-sa\/wp-json\/wp\/v2\/tags?post=9509"}],"curies":[{"name":"wp","href":"https:\/\/api.w.org\/{rel}","templated":true}]}}