{"id":9431,"date":"2022-08-25T08:26:34","date_gmt":"2022-08-25T11:26:34","guid":{"rendered":"https:\/\/blogs.correiobraziliense.com.br\/capital-sa\/?p=9431"},"modified":"2022-08-26T14:24:05","modified_gmt":"2022-08-26T17:24:05","slug":"indice-de-confianca-do-empresario-do-comercio-caiu-no-pais-mas-no-df-teve-alta","status":"publish","type":"post","link":"https:\/\/blogs.correiobraziliense.com.br\/capital-sa\/2022\/08\/25\/indice-de-confianca-do-empresario-do-comercio-caiu-no-pais-mas-no-df-teve-alta\/","title":{"rendered":"\u00cdndice de Confian\u00e7a do Empres\u00e1rio do com\u00e9rcio caiu no pa\u00eds, mas no DF teve alta"},"content":{"rendered":"<p class=\"p1\"><b>Por Samanta Sallum\u00a0<\/b><\/p>\n<p class=\"p1\"><span class=\"s1\">Tradicionalmente, o m\u00eas de agosto em ano eleitoral registra incertezas do empresariado. O \u00cdndice de Confian\u00e7a do Empres\u00e1rio do Com\u00e9rcio (Icec) nacionalmente alcan\u00e7ou 124 pontos neste m\u00eas, com redu\u00e7\u00e3o de 1,8% em rela\u00e7\u00e3o a julho. Esse foi o primeiro recuo no otimismo do setor do varejo em quatro meses. No comparativo com agosto de 2021, por\u00e9m, a confian\u00e7a do com\u00e9rcio est\u00e1 7,8% mais alta. O controle da pandemia ajudou a melhorar esse cen\u00e1rio. Mas, conforme se aproximam as elei\u00e7\u00f5es, o \u00edndice deve cair mais.<\/span><\/p>\n<p class=\"p1\"><span class=\"s1\">J\u00e1 o Icec-DF registrou a sexta alta seguida, alcan\u00e7ando 124,8 pontos em agosto. O n\u00famero est\u00e1 acima da zona de satisfa\u00e7\u00e3o (100 pontos) medida pela Confedera\u00e7\u00e3o Nacional do Com\u00e9rcio (CNC). Na compara\u00e7\u00e3o com julho deste ano, o aumento foi de 0,9%. Com rela\u00e7\u00e3o a agosto do ano passado, o patamar \u00e9 11,3% maior.<\/span><\/p>\n<p><b>Gra\u00e7as ao setor p\u00fablico\u00a0<\/b><\/p>\n<p class=\"p1\"><span class=\"s1\">O presidente do Sistema Fecom\u00e9rcio-DF, Jos\u00e9 Aparecido Freire, lembra que cerca de 45% do PIB do DF \u00e9 composto pelo setor p\u00fablico. \u201cIsso d\u00e1 a Bras\u00edlia esta caracter\u00edstica de recupera\u00e7\u00e3o mais r\u00e1pida quando tratamos de retomada\u201d, avalia. <\/span><\/p>\n<p class=\"p1\"><span class=\"s1\">Segundo ele, outro aspecto que influencia o otimismo do empres\u00e1rio \u00e9 o hub aeroportu\u00e1rio do DF. \u201cHoje, Bras\u00edlia tem voos diretos para todas as capitais brasileiras, o que facilita a log\u00edstica e barateia os custos, dando tranquilidade para os empres\u00e1rios investirem na cidade\u201d, completa.<\/span><\/p>\n<p>Os empres\u00e1rios no DF tamb\u00e9m est\u00e3o otimistas com rela\u00e7\u00e3o a subtemas da pesquisa. Houve melhora na percep\u00e7\u00e3o positiva referente \u00e0 condi\u00e7\u00e3o atual do pr\u00f3prio comerciante (+3,2) e ao \u00edndice de investimento (+ 0,4%). O \u00fanico indicador a apresentar queda refere-se \u00e0 expectativa, que ficou em &#8211; 0,3%, praticamente est\u00e1vel.<\/p>\n","protected":false},"excerpt":{"rendered":"<p>Por Samanta Sallum\u00a0 Tradicionalmente, o m\u00eas de agosto em ano eleitoral registra incertezas do empresariado. O \u00cdndice de Confian\u00e7a do Empres\u00e1rio do Com\u00e9rcio (Icec) nacionalmente alcan\u00e7ou 124 pontos neste m\u00eas, com redu\u00e7\u00e3o de 1,8% em rela\u00e7\u00e3o a julho. Esse foi o primeiro recuo no otimismo do setor do varejo em quatro meses. No comparativo com agosto de 2021, por\u00e9m, a [&hellip;]<\/p>\n","protected":false},"author":125,"featured_media":0,"comment_status":"open","ping_status":"open","sticky":false,"template":"","format":"standard","meta":{"footnotes":""},"categories":[6],"tags":[725,275,335,1423,1424,10,26],"class_list":["post-9431","post","type-post","status-publish","format-standard","hentry","category-coluna-capital-s-a","tag-anoeleitoral","tag-cnc","tag-confianca","tag-icec","tag-indice","tag-comercio","tag-fecomercio"],"_links":{"self":[{"href":"https:\/\/blogs.correiobraziliense.com.br\/capital-sa\/wp-json\/wp\/v2\/posts\/9431","targetHints":{"allow":["GET"]}}],"collection":[{"href":"https:\/\/blogs.correiobraziliense.com.br\/capital-sa\/wp-json\/wp\/v2\/posts"}],"about":[{"href":"https:\/\/blogs.correiobraziliense.com.br\/capital-sa\/wp-json\/wp\/v2\/types\/post"}],"author":[{"embeddable":true,"href":"https:\/\/blogs.correiobraziliense.com.br\/capital-sa\/wp-json\/wp\/v2\/users\/125"}],"replies":[{"embeddable":true,"href":"https:\/\/blogs.correiobraziliense.com.br\/capital-sa\/wp-json\/wp\/v2\/comments?post=9431"}],"version-history":[{"count":12,"href":"https:\/\/blogs.correiobraziliense.com.br\/capital-sa\/wp-json\/wp\/v2\/posts\/9431\/revisions"}],"predecessor-version":[{"id":9444,"href":"https:\/\/blogs.correiobraziliense.com.br\/capital-sa\/wp-json\/wp\/v2\/posts\/9431\/revisions\/9444"}],"wp:attachment":[{"href":"https:\/\/blogs.correiobraziliense.com.br\/capital-sa\/wp-json\/wp\/v2\/media?parent=9431"}],"wp:term":[{"taxonomy":"category","embeddable":true,"href":"https:\/\/blogs.correiobraziliense.com.br\/capital-sa\/wp-json\/wp\/v2\/categories?post=9431"},{"taxonomy":"post_tag","embeddable":true,"href":"https:\/\/blogs.correiobraziliense.com.br\/capital-sa\/wp-json\/wp\/v2\/tags?post=9431"}],"curies":[{"name":"wp","href":"https:\/\/api.w.org\/{rel}","templated":true}]}}