{"id":941,"date":"2020-12-08T19:07:10","date_gmt":"2020-12-08T22:07:10","guid":{"rendered":"https:\/\/blogs.correiobraziliense.com.br\/capital-sa\/?p=941"},"modified":"2020-12-08T23:53:36","modified_gmt":"2020-12-09T02:53:36","slug":"vacinacao-e-necessaria-para-a-retomada-da-economia-diz-cnc","status":"publish","type":"post","link":"https:\/\/blogs.correiobraziliense.com.br\/capital-sa\/2020\/12\/08\/vacinacao-e-necessaria-para-a-retomada-da-economia-diz-cnc\/","title":{"rendered":"Vacina\u00e7\u00e3o \u00e9 necess\u00e1ria para a retomada da economia, diz CNC"},"content":{"rendered":"<div dir=\"ltr\">\n<div>A aprova\u00e7\u00e3o de reformas no Congresso e a vacina\u00e7\u00e3o em massa contra a Covid-19 s\u00e3o fundamentais para a plena recupera\u00e7\u00e3o da economia. \u00c9 o que defende a Confedera\u00e7\u00e3o Nacional do Com\u00e9rcio (CNC). Isso foi dito ao ministro da Economia, Paulo Guedes, em debate promovido hoje pelo Instituto de Estudos Jur\u00eddicos Aplicados (IEJA). <b><br \/>\n<\/b><\/div>\n<div><\/div>\n<blockquote>\n<h4>&#8220;Al\u00e9m da concilia\u00e7\u00e3o inadi\u00e1vel da sociedade civil, precisamos aprovar as reformas administrativa e tribut\u00e1ria para que possamos construir programas duradouros, com seguran\u00e7a jur\u00eddica. Caso contr\u00e1rio, n\u00e3o temos investimentos nem perspectivas&#8221;, afirmou o presidente da Confedera\u00e7\u00e3o Nacional do Com\u00e9rcio de Bens, Servi\u00e7os e Turismo (CNC), <strong>Jos\u00e9 Roberto Tadros<\/strong>, no semin\u00e1rio Supremo em A\u00e7\u00e3o: Di\u00e1logo entre os Poderes pela Retomada Econ\u00f4mica do Brasil.<\/h4>\n<\/blockquote>\n<\/div>\n<div><\/div>\n<div><img loading=\"lazy\" decoding=\"async\" class=\"aligncenter size-medium wp-image-947\" src=\"https:\/\/blogs.correiobraziliense.com.br\/capital-sa\/wp-content\/uploads\/sites\/59\/2020\/12\/0903F8D0-42C7-4E43-B47D-52B9F455CA25-300x229.jpeg\" alt=\"\" width=\"300\" height=\"229\" srcset=\"https:\/\/blogs.correiobraziliense.com.br\/capital-sa\/wp-content\/uploads\/sites\/59\/2020\/12\/0903F8D0-42C7-4E43-B47D-52B9F455CA25-300x229.jpeg 300w, https:\/\/blogs.correiobraziliense.com.br\/capital-sa\/wp-content\/uploads\/sites\/59\/2020\/12\/0903F8D0-42C7-4E43-B47D-52B9F455CA25-230x176.jpeg 230w, https:\/\/blogs.correiobraziliense.com.br\/capital-sa\/wp-content\/uploads\/sites\/59\/2020\/12\/0903F8D0-42C7-4E43-B47D-52B9F455CA25.jpeg 526w\" sizes=\"auto, (max-width: 300px) 100vw, 300px\" \/><\/div>\n<div><\/div>\n<div dir=\"ltr\">\n<div><\/div>\n<div><\/div>\n<h3>Empregos<\/h3>\n<\/div>\n<div>O ministro Paulo Guedes minimizou o impacto da pandemia no desemprego. E ressaltou a cria\u00e7\u00e3o de mais empregos este ano. Segundo o ministro, o di\u00e1logo entre os poderes permitiu a flexibiliza\u00e7\u00e3o das rela\u00e7\u00f5es contratuais de trabalho. \u201cNos \u00faltimos quatro meses, foi criado 1 milh\u00e3o de empregos. Isso foi poss\u00edvel gra\u00e7as a uma interpreta\u00e7\u00e3o do STF que flexibilizou as regula\u00e7\u00f5es de contrata\u00e7\u00e3o e impulsionou a economia do pa\u00eds\u201d, ressaltou.<\/div>\n<div dir=\"ltr\">\n<div><\/div>\n<h3>Aux\u00edlio emergencial<\/h3>\n<div>O presidente da CNC apontou que o aux\u00edlio emergencial do governo federal foi muito importante para reduzir os impactos negativos na economia.<\/div>\n<div><\/div>\n<div>\u201cNo m\u00eas de abril, o volume de vendas do com\u00e9rcio acumulou um recuo m\u00e9dio de quase 30% em apenas dois meses. O suporte financeiro do governo voltou a irrigar o bolso do trabalhador, evitando uma crise maior ainda\u201d, analisou.<\/div>\n<div><\/div>\n<h3>Aumento no varejo<\/h3>\n<div>Houve aumento do ritmo de vendas no varejo brasileiro a partir do terceiro trimestre de 2020. &#8220;O consumo foi restaurado rapidamente e hoje praticamente atinge patamares pr\u00e9-crise.&#8221;<\/div>\n<div><\/div>\n<h3>Alta no PIB em 2021<\/h3>\n<div>Sobre as expectativas de crescimento para 2021, as proje\u00e7\u00f5es da CNC estimam uma alta de 3,5% no PIB, em compara\u00e7\u00e3o a 2019; e de 5% no com\u00e9rcio, com destaque para a consolida\u00e7\u00e3o do e-commerce ocorrido durante a pandemia.<\/div>\n<\/div>\n","protected":false},"excerpt":{"rendered":"<p>A aprova\u00e7\u00e3o de reformas no Congresso e a vacina\u00e7\u00e3o em massa contra a Covid-19 s\u00e3o fundamentais para a plena recupera\u00e7\u00e3o da economia. \u00c9 o que defende a Confedera\u00e7\u00e3o Nacional do Com\u00e9rcio (CNC). Isso foi dito ao ministro da Economia, Paulo Guedes, em debate promovido hoje pelo Instituto de Estudos Jur\u00eddicos Aplicados (IEJA). &#8220;Al\u00e9m da concilia\u00e7\u00e3o inadi\u00e1vel da sociedade civil, precisamos [&hellip;]<\/p>\n","protected":false},"author":125,"featured_media":943,"comment_status":"open","ping_status":"open","sticky":false,"template":"","format":"standard","meta":{"footnotes":""},"categories":[6],"tags":[278,275,201,276,158,277,274,5],"class_list":["post-941","post","type-post","status-publish","format-standard","has-post-thumbnail","hentry","category-coluna-capital-s-a","tag-auxilioemergencial","tag-cnc","tag-covid19","tag-economia","tag-empregos","tag-ieja","tag-vacinacao","tag-pandemia"],"_links":{"self":[{"href":"https:\/\/blogs.correiobraziliense.com.br\/capital-sa\/wp-json\/wp\/v2\/posts\/941","targetHints":{"allow":["GET"]}}],"collection":[{"href":"https:\/\/blogs.correiobraziliense.com.br\/capital-sa\/wp-json\/wp\/v2\/posts"}],"about":[{"href":"https:\/\/blogs.correiobraziliense.com.br\/capital-sa\/wp-json\/wp\/v2\/types\/post"}],"author":[{"embeddable":true,"href":"https:\/\/blogs.correiobraziliense.com.br\/capital-sa\/wp-json\/wp\/v2\/users\/125"}],"replies":[{"embeddable":true,"href":"https:\/\/blogs.correiobraziliense.com.br\/capital-sa\/wp-json\/wp\/v2\/comments?post=941"}],"version-history":[{"count":10,"href":"https:\/\/blogs.correiobraziliense.com.br\/capital-sa\/wp-json\/wp\/v2\/posts\/941\/revisions"}],"predecessor-version":[{"id":970,"href":"https:\/\/blogs.correiobraziliense.com.br\/capital-sa\/wp-json\/wp\/v2\/posts\/941\/revisions\/970"}],"wp:featuredmedia":[{"embeddable":true,"href":"https:\/\/blogs.correiobraziliense.com.br\/capital-sa\/wp-json\/wp\/v2\/media\/943"}],"wp:attachment":[{"href":"https:\/\/blogs.correiobraziliense.com.br\/capital-sa\/wp-json\/wp\/v2\/media?parent=941"}],"wp:term":[{"taxonomy":"category","embeddable":true,"href":"https:\/\/blogs.correiobraziliense.com.br\/capital-sa\/wp-json\/wp\/v2\/categories?post=941"},{"taxonomy":"post_tag","embeddable":true,"href":"https:\/\/blogs.correiobraziliense.com.br\/capital-sa\/wp-json\/wp\/v2\/tags?post=941"}],"curies":[{"name":"wp","href":"https:\/\/api.w.org\/{rel}","templated":true}]}}