{"id":9356,"date":"2022-08-21T15:29:15","date_gmt":"2022-08-21T18:29:15","guid":{"rendered":"https:\/\/blogs.correiobraziliense.com.br\/capital-sa\/?p=9356"},"modified":"2022-08-23T00:51:13","modified_gmt":"2022-08-23T03:51:13","slug":"marca-francesa-hermes-chega-a-brasilia-mas-para-curta-temporada","status":"publish","type":"post","link":"https:\/\/blogs.correiobraziliense.com.br\/capital-sa\/2022\/08\/21\/marca-francesa-hermes-chega-a-brasilia-mas-para-curta-temporada\/","title":{"rendered":"Marca francesa Herm\u00e8s chega a Bras\u00edlia, mas para curta temporada"},"content":{"rendered":"<div class=\"gmail_quote\"><span style=\"font-size: large\"><b>Por Samanta Sallum\u00a0<\/b><\/span><\/div>\n<div class=\"gmail_quote\">\n<p>Uma das marcas de moda mais cobi\u00e7adas do mercado de luxo no mundo chega a Bras\u00edlia. Mas numa vers\u00e3o Pop Up, at\u00e9 dezembro, no shopping Iguatemi. A francesa Herm\u00e8s escolheu a cidade para lan\u00e7ar a segunda edi\u00e7\u00e3o desse novo formato de vendas. A primeira foi SP. Nesta, o foco \u00e9 a linha de sapatos, do t\u00eanis,\u00a0passando pelas botas at\u00e9 sand\u00e1lias rasteirinhas.<\/p>\n<p><img loading=\"lazy\" decoding=\"async\" class=\"aligncenter size-medium wp-image-9393\" src=\"https:\/\/blogs.correiobraziliense.com.br\/capital-sa\/wp-content\/uploads\/sites\/59\/2022\/08\/3F1DB5BC-C0F9-4729-A840-C0686EFB4321-200x300.jpeg\" alt=\"\" width=\"200\" height=\"300\" srcset=\"https:\/\/blogs.correiobraziliense.com.br\/capital-sa\/wp-content\/uploads\/sites\/59\/2022\/08\/3F1DB5BC-C0F9-4729-A840-C0686EFB4321-200x300.jpeg 200w, https:\/\/blogs.correiobraziliense.com.br\/capital-sa\/wp-content\/uploads\/sites\/59\/2022\/08\/3F1DB5BC-C0F9-4729-A840-C0686EFB4321.jpeg 682w, https:\/\/blogs.correiobraziliense.com.br\/capital-sa\/wp-content\/uploads\/sites\/59\/2022\/08\/3F1DB5BC-C0F9-4729-A840-C0686EFB4321-550x826.jpeg 550w, https:\/\/blogs.correiobraziliense.com.br\/capital-sa\/wp-content\/uploads\/sites\/59\/2022\/08\/3F1DB5BC-C0F9-4729-A840-C0686EFB4321-230x345.jpeg 230w\" sizes=\"auto, (max-width: 200px) 100vw, 200px\" \/><\/p>\n<\/div>\n<div class=\"gmail_quote\"><\/div>\n<div class=\"gmail_quote\"><span style=\"font-size: large\"><b>Homenagem \u00e0 arquitetura<\/b><\/span><\/div>\n<div class=\"gmail_quote\"><span style=\"font-size: large\">\u00a0<\/span><\/div>\n<div class=\"gmail_quote\"><span style=\"font-size: large\">A capital federal foi homenageada pela arquitetura e pelo c\u00e9u, que fazem parte do cen\u00e1rio especialmente criado para a loja.<\/span><\/div>\n<div><\/div>\n<div class=\"gmail_quote\"><span style=\"font-size: large\">O pr\u00f3prio<\/span>\u00a0Pierre Hardy, diretor criativo de sapatos da maison, fez o projeto por ser encantado pela cidade, j\u00e1 que tamb\u00e9m \u00e9 arquiteto. At\u00e9 a terra vermelha do cerrado faz parte da ambienta\u00e7\u00e3o, que contrasta as colunas brancas de nossos pal\u00e1cios com o azul do c\u00e9u. A cor, que Pierre\u00a0chamou de &#8220;azul c\u00e9u de Bras\u00edlia&#8221;, \u00a0foi escolhida para uma edi\u00e7\u00e3o especial de sand\u00e1lias.<\/div>\n<div><img loading=\"lazy\" decoding=\"async\" class=\"aligncenter size-medium wp-image-9373\" src=\"https:\/\/blogs.correiobraziliense.com.br\/capital-sa\/wp-content\/uploads\/sites\/59\/2022\/08\/E657478A-4D25-4DDB-8AEE-51BD3CD4EFAE-294x300.jpeg\" alt=\"\" width=\"294\" height=\"300\" srcset=\"https:\/\/blogs.correiobraziliense.com.br\/capital-sa\/wp-content\/uploads\/sites\/59\/2022\/08\/E657478A-4D25-4DDB-8AEE-51BD3CD4EFAE-294x300.jpeg 294w, https:\/\/blogs.correiobraziliense.com.br\/capital-sa\/wp-content\/uploads\/sites\/59\/2022\/08\/E657478A-4D25-4DDB-8AEE-51BD3CD4EFAE-550x560.jpeg 550w, https:\/\/blogs.correiobraziliense.com.br\/capital-sa\/wp-content\/uploads\/sites\/59\/2022\/08\/E657478A-4D25-4DDB-8AEE-51BD3CD4EFAE-230x234.jpeg 230w, https:\/\/blogs.correiobraziliense.com.br\/capital-sa\/wp-content\/uploads\/sites\/59\/2022\/08\/E657478A-4D25-4DDB-8AEE-51BD3CD4EFAE.jpeg 640w\" sizes=\"auto, (max-width: 294px) 100vw, 294px\" \/><\/div>\n<div><b>Destaque em compras<\/b><\/div>\n<div><\/div>\n<div class=\"gmail_quote\">A escolha da cidade para a edi\u00e7\u00e3o Pop Up foi motivada pelo fato de que os brasilienses, durante a pandemia, se destacaram em compras a dist\u00e2ncia, encomendando artigos das lojas de S\u00e3o Paulo. A Herm\u00e8 chegou, com opera\u00e7\u00e3o pr\u00f3pria, ao Brasil, em 2015. Tem 3 lojas f\u00edsicas,\u00a0uma no Rio e duas em SP. E agora a tempor\u00e1ria na capital federal.<\/div>\n<div><\/div>\n<div><img loading=\"lazy\" decoding=\"async\" class=\"aligncenter size-medium wp-image-9375\" src=\"https:\/\/blogs.correiobraziliense.com.br\/capital-sa\/wp-content\/uploads\/sites\/59\/2022\/08\/007CC739-2838-4BB4-B114-0C649F378681-300x217.jpeg\" alt=\"\" width=\"300\" height=\"217\" srcset=\"https:\/\/blogs.correiobraziliense.com.br\/capital-sa\/wp-content\/uploads\/sites\/59\/2022\/08\/007CC739-2838-4BB4-B114-0C649F378681-300x217.jpeg 300w, https:\/\/blogs.correiobraziliense.com.br\/capital-sa\/wp-content\/uploads\/sites\/59\/2022\/08\/007CC739-2838-4BB4-B114-0C649F378681-550x397.jpeg 550w, https:\/\/blogs.correiobraziliense.com.br\/capital-sa\/wp-content\/uploads\/sites\/59\/2022\/08\/007CC739-2838-4BB4-B114-0C649F378681-230x166.jpeg 230w, https:\/\/blogs.correiobraziliense.com.br\/capital-sa\/wp-content\/uploads\/sites\/59\/2022\/08\/007CC739-2838-4BB4-B114-0C649F378681.jpeg 640w\" sizes=\"auto, (max-width: 300px) 100vw, 300px\" \/><\/div>\n<div>\n<p><img loading=\"lazy\" decoding=\"async\" class=\"aligncenter size-medium wp-image-9394\" src=\"https:\/\/blogs.correiobraziliense.com.br\/capital-sa\/wp-content\/uploads\/sites\/59\/2022\/08\/B59E9011-35CB-40C3-BF40-5E9EE18D9B93-200x300.jpeg\" alt=\"\" width=\"200\" height=\"300\" srcset=\"https:\/\/blogs.correiobraziliense.com.br\/capital-sa\/wp-content\/uploads\/sites\/59\/2022\/08\/B59E9011-35CB-40C3-BF40-5E9EE18D9B93-200x300.jpeg 200w, https:\/\/blogs.correiobraziliense.com.br\/capital-sa\/wp-content\/uploads\/sites\/59\/2022\/08\/B59E9011-35CB-40C3-BF40-5E9EE18D9B93.jpeg 683w, https:\/\/blogs.correiobraziliense.com.br\/capital-sa\/wp-content\/uploads\/sites\/59\/2022\/08\/B59E9011-35CB-40C3-BF40-5E9EE18D9B93-550x825.jpeg 550w, https:\/\/blogs.correiobraziliense.com.br\/capital-sa\/wp-content\/uploads\/sites\/59\/2022\/08\/B59E9011-35CB-40C3-BF40-5E9EE18D9B93-230x345.jpeg 230w\" sizes=\"auto, (max-width: 200px) 100vw, 200px\" \/><\/p>\n<\/div>\n<div><\/div>\n","protected":false},"excerpt":{"rendered":"<p>Por Samanta Sallum\u00a0 Uma das marcas de moda mais cobi\u00e7adas do mercado de luxo no mundo chega a Bras\u00edlia. Mas numa vers\u00e3o Pop Up, at\u00e9 dezembro, no shopping Iguatemi. A francesa Herm\u00e8s escolheu a cidade para lan\u00e7ar a segunda edi\u00e7\u00e3o desse novo formato de vendas. A primeira foi SP. Nesta, o foco \u00e9 a linha de sapatos, do t\u00eanis,\u00a0passando pelas [&hellip;]<\/p>\n","protected":false},"author":125,"featured_media":9392,"comment_status":"open","ping_status":"open","sticky":false,"template":"","format":"standard","meta":{"footnotes":""},"categories":[6],"tags":[92,124,1412,401,1066,1413,1414],"class_list":["post-9356","post","type-post","status-publish","format-standard","has-post-thumbnail","hentry","category-coluna-capital-s-a","tag-arquitetura","tag-brasilia","tag-hermes","tag-iguatemi","tag-loja","tag-popup","tag-temporaria"],"_links":{"self":[{"href":"https:\/\/blogs.correiobraziliense.com.br\/capital-sa\/wp-json\/wp\/v2\/posts\/9356","targetHints":{"allow":["GET"]}}],"collection":[{"href":"https:\/\/blogs.correiobraziliense.com.br\/capital-sa\/wp-json\/wp\/v2\/posts"}],"about":[{"href":"https:\/\/blogs.correiobraziliense.com.br\/capital-sa\/wp-json\/wp\/v2\/types\/post"}],"author":[{"embeddable":true,"href":"https:\/\/blogs.correiobraziliense.com.br\/capital-sa\/wp-json\/wp\/v2\/users\/125"}],"replies":[{"embeddable":true,"href":"https:\/\/blogs.correiobraziliense.com.br\/capital-sa\/wp-json\/wp\/v2\/comments?post=9356"}],"version-history":[{"count":14,"href":"https:\/\/blogs.correiobraziliense.com.br\/capital-sa\/wp-json\/wp\/v2\/posts\/9356\/revisions"}],"predecessor-version":[{"id":9395,"href":"https:\/\/blogs.correiobraziliense.com.br\/capital-sa\/wp-json\/wp\/v2\/posts\/9356\/revisions\/9395"}],"wp:featuredmedia":[{"embeddable":true,"href":"https:\/\/blogs.correiobraziliense.com.br\/capital-sa\/wp-json\/wp\/v2\/media\/9392"}],"wp:attachment":[{"href":"https:\/\/blogs.correiobraziliense.com.br\/capital-sa\/wp-json\/wp\/v2\/media?parent=9356"}],"wp:term":[{"taxonomy":"category","embeddable":true,"href":"https:\/\/blogs.correiobraziliense.com.br\/capital-sa\/wp-json\/wp\/v2\/categories?post=9356"},{"taxonomy":"post_tag","embeddable":true,"href":"https:\/\/blogs.correiobraziliense.com.br\/capital-sa\/wp-json\/wp\/v2\/tags?post=9356"}],"curies":[{"name":"wp","href":"https:\/\/api.w.org\/{rel}","templated":true}]}}