{"id":935,"date":"2020-12-08T08:57:28","date_gmt":"2020-12-08T11:57:28","guid":{"rendered":"https:\/\/blogs.correiobraziliense.com.br\/capital-sa\/?p=935"},"modified":"2020-12-08T08:58:10","modified_gmt":"2020-12-08T11:58:10","slug":"selo-vai-garantir-comercio-seguro-na-pandemia","status":"publish","type":"post","link":"https:\/\/blogs.correiobraziliense.com.br\/capital-sa\/2020\/12\/08\/selo-vai-garantir-comercio-seguro-na-pandemia\/","title":{"rendered":"Selo vai garantir com\u00e9rcio seguro na pandemia"},"content":{"rendered":"<p>O consumidor vai ganhar uma importante refer\u00eancia na hora de decidir entrar em um estabelecimento comercial. Lojas, bares, shoppings e restaurantes que estiverem cumprindo rigorosamente o protocolo de sa\u00fade p\u00fablica v\u00e3o receber uma certifica\u00e7\u00e3o. Isso ser\u00e1 identificado por meio de um selo, um adesivo <em>(foto)<\/em> afixado de forma vis\u00edvel nos estabelecimentos.<\/p>\n<p>A iniciativa \u00e9 da Fecom\u00e9rcio em parceria com a Fibra no DF. Os donos de com\u00e9rcios e tamb\u00e9m de empresas em geral ter\u00e3o de assinar um termo de compromisso em que se responsabilizar\u00e3o pelo cumprimento de todas as medidas de preven\u00e7\u00e3o ao coronav\u00edrus.<\/p>\n<p><img loading=\"lazy\" decoding=\"async\" class=\"aligncenter size-medium wp-image-937\" src=\"https:\/\/blogs.correiobraziliense.com.br\/capital-sa\/wp-content\/uploads\/sites\/59\/2020\/12\/s-300x300.jpg\" alt=\"\" width=\"300\" height=\"300\" srcset=\"https:\/\/blogs.correiobraziliense.com.br\/capital-sa\/wp-content\/uploads\/sites\/59\/2020\/12\/s-300x300.jpg 300w, https:\/\/blogs.correiobraziliense.com.br\/capital-sa\/wp-content\/uploads\/sites\/59\/2020\/12\/s-150x150.jpg 150w, https:\/\/blogs.correiobraziliense.com.br\/capital-sa\/wp-content\/uploads\/sites\/59\/2020\/12\/s-550x548.jpg 550w, https:\/\/blogs.correiobraziliense.com.br\/capital-sa\/wp-content\/uploads\/sites\/59\/2020\/12\/s-230x229.jpg 230w, https:\/\/blogs.correiobraziliense.com.br\/capital-sa\/wp-content\/uploads\/sites\/59\/2020\/12\/s.jpg 633w\" sizes=\"auto, (max-width: 300px) 100vw, 300px\" \/><\/p>\n<h3>D\u00ea prefer\u00eancia<\/h3>\n<p>A meta \u00e9 chegar a 60 mil estabelecimentos. A iniciativa ser\u00e1 lan\u00e7ada hoje, \u00e0s 16h, pelas entidades do setor produtivo numa videoconfer\u00eancia.<\/p>\n<p>Uma campanha tamb\u00e9m conscientizar\u00e1 as pessoas a darem prefer\u00eancia aos locais que ganharem o selo \u201cEstabelecimento Respons\u00e1vel\u201d.<\/p>\n<h3><\/h3>\n<h3>Uni\u00e3o de for\u00e7as<\/h3>\n<blockquote><p>\u201cDiante do cen\u00e1rio atual, estamos tomando todas as medidas para que o governo veja que estamos fazendo o nosso dever de casa. A popula\u00e7\u00e3o tamb\u00e9m precisa se conscientizar e ajudar no combate \u00e0 covid-19. O selo vai chancelar os locais seguros para os consumidores\u201d, afirma o presidente da Fecom\u00e9rcio-DF, <strong>Francisco Maia<\/strong>.<\/p><\/blockquote>\n","protected":false},"excerpt":{"rendered":"<p>O consumidor vai ganhar uma importante refer\u00eancia na hora de decidir entrar em um estabelecimento comercial. Lojas, bares, shoppings e restaurantes que estiverem cumprindo rigorosamente o protocolo de sa\u00fade p\u00fablica v\u00e3o receber uma certifica\u00e7\u00e3o. Isso ser\u00e1 identificado por meio de um selo, um adesivo (foto) afixado de forma vis\u00edvel nos estabelecimentos. A iniciativa \u00e9 da Fecom\u00e9rcio em parceria com a [&hellip;]<\/p>\n","protected":false},"author":125,"featured_media":936,"comment_status":"open","ping_status":"open","sticky":false,"template":"","format":"standard","meta":{"footnotes":""},"categories":[6],"tags":[259,201,159,261,260,10,5],"class_list":["post-935","post","type-post","status-publish","format-standard","has-post-thumbnail","hentry","category-coluna-capital-s-a","tag-consumidor","tag-covid19","tag-fecomerciodf","tag-protocolo","tag-selo","tag-comercio","tag-pandemia"],"_links":{"self":[{"href":"https:\/\/blogs.correiobraziliense.com.br\/capital-sa\/wp-json\/wp\/v2\/posts\/935","targetHints":{"allow":["GET"]}}],"collection":[{"href":"https:\/\/blogs.correiobraziliense.com.br\/capital-sa\/wp-json\/wp\/v2\/posts"}],"about":[{"href":"https:\/\/blogs.correiobraziliense.com.br\/capital-sa\/wp-json\/wp\/v2\/types\/post"}],"author":[{"embeddable":true,"href":"https:\/\/blogs.correiobraziliense.com.br\/capital-sa\/wp-json\/wp\/v2\/users\/125"}],"replies":[{"embeddable":true,"href":"https:\/\/blogs.correiobraziliense.com.br\/capital-sa\/wp-json\/wp\/v2\/comments?post=935"}],"version-history":[{"count":3,"href":"https:\/\/blogs.correiobraziliense.com.br\/capital-sa\/wp-json\/wp\/v2\/posts\/935\/revisions"}],"predecessor-version":[{"id":940,"href":"https:\/\/blogs.correiobraziliense.com.br\/capital-sa\/wp-json\/wp\/v2\/posts\/935\/revisions\/940"}],"wp:featuredmedia":[{"embeddable":true,"href":"https:\/\/blogs.correiobraziliense.com.br\/capital-sa\/wp-json\/wp\/v2\/media\/936"}],"wp:attachment":[{"href":"https:\/\/blogs.correiobraziliense.com.br\/capital-sa\/wp-json\/wp\/v2\/media?parent=935"}],"wp:term":[{"taxonomy":"category","embeddable":true,"href":"https:\/\/blogs.correiobraziliense.com.br\/capital-sa\/wp-json\/wp\/v2\/categories?post=935"},{"taxonomy":"post_tag","embeddable":true,"href":"https:\/\/blogs.correiobraziliense.com.br\/capital-sa\/wp-json\/wp\/v2\/tags?post=935"}],"curies":[{"name":"wp","href":"https:\/\/api.w.org\/{rel}","templated":true}]}}