{"id":9349,"date":"2022-08-21T15:04:05","date_gmt":"2022-08-21T18:04:05","guid":{"rendered":"https:\/\/blogs.correiobraziliense.com.br\/capital-sa\/?p=9349"},"modified":"2022-08-22T23:03:23","modified_gmt":"2022-08-23T02:03:23","slug":"sebrae-lanca-cursos-para-o-setor-audiovisual","status":"publish","type":"post","link":"https:\/\/blogs.correiobraziliense.com.br\/capital-sa\/2022\/08\/21\/sebrae-lanca-cursos-para-o-setor-audiovisual\/","title":{"rendered":"Sebrae lan\u00e7a cursos para o setor audiovisual"},"content":{"rendered":"<div class=\"gmail_quote\"><b>Por Samanta Sallum\u00a0<\/b><\/div>\n<div><\/div>\n<div class=\"gmail_quote\"><span style=\"font-size: large\">Mais dois cursos foram lan\u00e7ados pelo Sebrae para o setor audiovisual, aproveitando a temporada do Festival de Cinema de Gramado deste ano. \u201cBranded Content\u201d e \u201cInternacionaliza\u00e7\u00e3o\u201d, junto dos quatro j\u00e1 existentes, somar\u00e3o carga hor\u00e1ria total de 256 horas. O objetivo \u00e9 ampliar a qualifica\u00e7\u00e3o dos pequenos neg\u00f3cios para atuarem de forma competitiva no setor, que experimenta uma retomada ap\u00f3s o per\u00edodo mais latente da pandemia.<br \/>\n<\/span><\/div>\n<div class=\"gmail_quote\"><span style=\"font-size: large\">\u00a0<\/span><\/div>\n<div class=\"gmail_quote\"><span style=\"font-size: large\"><b>Legisla\u00e7\u00e3o e Neg\u00f3cios\u00a0<\/b><\/span><\/div>\n<div><\/div>\n<div class=\"gmail_quote\"><span style=\"font-size: large\">Entender leis e normas \u00e9 a principal necessidade de qualifica\u00e7\u00e3o para produtoras, distribuidores e demais empresas do mercado audiovisual, segundo o Sebrae. O curso \u201cLegisla\u00e7\u00e3o e Neg\u00f3cios\u201d foi o mais procurado entre quatro m\u00f3dulos ofertados gratuitamente pelo programa \u201cObjetiva e Empreendedorismo em Foco\u201d. Em formato on-line, foi promovido em parceria com a Associa\u00e7\u00e3o Brasileira da Produ\u00e7\u00e3o de Obras Audiovisuais (Apro). Teve 25 mil matriculados em todo o pa\u00eds.<\/span><\/div>\n<div class=\"gmail_quote\"><span style=\"font-size: large\"><br \/>\n<b>Neg\u00f3cios criativos\u00a0<\/b><\/span><\/div>\n<div class=\"gmail_quote\"><\/div>\n<div class=\"gmail_quote\"><span style=\"font-size: large\">Levantamento do Sebrae aponta que 5,5% das cerca de 90 mil empresas ativas do segmento no pa\u00eds j\u00e1 passaram por algum tipo de atendimento na institui\u00e7\u00e3o.<\/span><\/div>\n<div><\/div>\n<div class=\"gmail_quote\"><span style=\"font-size: large\">\u201cCom os dois novos cursos, os profissionais da ind\u00fastria audiovisual agora ter\u00e3o a oportunidade de aprender em um ambiente on-line e gratuito conte\u00fados de grande relev\u00e2ncia para os neg\u00f3cios criativos\u201d, afirma a analista de Competitividade do Sebrae Nacional Denise Marques. Podem ser acessados nos links: <\/span><a href=\"http:\/\/www.sebrae.com.br\/\" target=\"_blank\" rel=\"noopener noreferrer\"><span style=\"font-size: large\">w<\/span>ww.sebrae.com.br<\/a> ou <a href=\"http:\/\/www.objetivaaudiovisual.com.br\/\" target=\"_blank\" rel=\"noopener noreferrer\">www.objetivaaudiovisual.com.br.<\/a><\/div>\n","protected":false},"excerpt":{"rendered":"<p>Por Samanta Sallum\u00a0 Mais dois cursos foram lan\u00e7ados pelo Sebrae para o setor audiovisual, aproveitando a temporada do Festival de Cinema de Gramado deste ano. \u201cBranded Content\u201d e \u201cInternacionaliza\u00e7\u00e3o\u201d, junto dos quatro j\u00e1 existentes, somar\u00e3o carga hor\u00e1ria total de 256 horas. O objetivo \u00e9 ampliar a qualifica\u00e7\u00e3o dos pequenos neg\u00f3cios para atuarem de forma competitiva no setor, que experimenta uma [&hellip;]<\/p>\n","protected":false},"author":125,"featured_media":9354,"comment_status":"open","ping_status":"open","sticky":false,"template":"","format":"standard","meta":{"footnotes":""},"categories":[6],"tags":[1410,1411,517,1101,50],"class_list":["post-9349","post","type-post","status-publish","format-standard","has-post-thumbnail","hentry","category-coluna-capital-s-a","tag-cursos","tag-legislacao","tag-negocios","tag-qualificacaoprofissional","tag-sebrae"],"_links":{"self":[{"href":"https:\/\/blogs.correiobraziliense.com.br\/capital-sa\/wp-json\/wp\/v2\/posts\/9349","targetHints":{"allow":["GET"]}}],"collection":[{"href":"https:\/\/blogs.correiobraziliense.com.br\/capital-sa\/wp-json\/wp\/v2\/posts"}],"about":[{"href":"https:\/\/blogs.correiobraziliense.com.br\/capital-sa\/wp-json\/wp\/v2\/types\/post"}],"author":[{"embeddable":true,"href":"https:\/\/blogs.correiobraziliense.com.br\/capital-sa\/wp-json\/wp\/v2\/users\/125"}],"replies":[{"embeddable":true,"href":"https:\/\/blogs.correiobraziliense.com.br\/capital-sa\/wp-json\/wp\/v2\/comments?post=9349"}],"version-history":[{"count":6,"href":"https:\/\/blogs.correiobraziliense.com.br\/capital-sa\/wp-json\/wp\/v2\/posts\/9349\/revisions"}],"predecessor-version":[{"id":9386,"href":"https:\/\/blogs.correiobraziliense.com.br\/capital-sa\/wp-json\/wp\/v2\/posts\/9349\/revisions\/9386"}],"wp:featuredmedia":[{"embeddable":true,"href":"https:\/\/blogs.correiobraziliense.com.br\/capital-sa\/wp-json\/wp\/v2\/media\/9354"}],"wp:attachment":[{"href":"https:\/\/blogs.correiobraziliense.com.br\/capital-sa\/wp-json\/wp\/v2\/media?parent=9349"}],"wp:term":[{"taxonomy":"category","embeddable":true,"href":"https:\/\/blogs.correiobraziliense.com.br\/capital-sa\/wp-json\/wp\/v2\/categories?post=9349"},{"taxonomy":"post_tag","embeddable":true,"href":"https:\/\/blogs.correiobraziliense.com.br\/capital-sa\/wp-json\/wp\/v2\/tags?post=9349"}],"curies":[{"name":"wp","href":"https:\/\/api.w.org\/{rel}","templated":true}]}}