{"id":9336,"date":"2022-08-21T14:56:28","date_gmt":"2022-08-21T17:56:28","guid":{"rendered":"https:\/\/blogs.correiobraziliense.com.br\/capital-sa\/?p=9336"},"modified":"2022-08-22T23:00:22","modified_gmt":"2022-08-23T02:00:22","slug":"codese-entrega-documento-com-propostas-de-governo-para-candidatos-ao-buriti","status":"publish","type":"post","link":"https:\/\/blogs.correiobraziliense.com.br\/capital-sa\/2022\/08\/21\/codese-entrega-documento-com-propostas-de-governo-para-candidatos-ao-buriti\/","title":{"rendered":"Codese entrega documento com propostas de governo para candidatos ao Buriti"},"content":{"rendered":"<div class=\"gmail_quote\">\n<p><span style=\"font-size: large\"><b>Por Samanta Sallum \u00a0\u00a0<\/b><\/span><\/p>\n<p>&nbsp;<\/p>\n<\/div>\n<div><\/div>\n<div class=\"gmail_quote\">\n<p>O documento O DF que a Gente Quer, vis\u00e3o 2022-2040, assinado pelo Codese, ficou pronto. \u00c9 um livro com 180 p\u00e1ginas com propostas e diretrizes, sugeridas por diversos setores da sociedade civil, para pol\u00edticas p\u00fablicas de desenvolvimento\u00a0econ\u00f4mico e sustent\u00e1vel da capital federal.<\/p>\n<p>S\u00e3o contempladas as \u00e1reas do c<span style=\"font-size: large\">om\u00e9rcio, servi\u00e7os, ind\u00fastria e agroneg\u00f3cios, al\u00e9m de mobilidade urbana, assist\u00eancia social, entre outros eixos. &#8220;Uma metr\u00f3pole verde, integrada e pr\u00f3spera&#8221;, resume, na capa, o conceito do projeto, que j\u00e1 foi entregue a tr\u00eas candidatos ao Pal\u00e1cio do Buriti: Ibaneis Rocha (MDB), Paulo Oct\u00e1vio (PSD) e Leandro Grass (PT).<br \/>\n<\/span><\/p>\n<p><img loading=\"lazy\" decoding=\"async\" class=\"aligncenter size-medium wp-image-9345\" src=\"https:\/\/blogs.correiobraziliense.com.br\/capital-sa\/wp-content\/uploads\/sites\/59\/2022\/08\/1EBC90A8-EC35-4FB8-9303-7D179BC65429-300x225.jpeg\" alt=\"\" width=\"300\" height=\"225\" srcset=\"https:\/\/blogs.correiobraziliense.com.br\/capital-sa\/wp-content\/uploads\/sites\/59\/2022\/08\/1EBC90A8-EC35-4FB8-9303-7D179BC65429-300x225.jpeg 300w, https:\/\/blogs.correiobraziliense.com.br\/capital-sa\/wp-content\/uploads\/sites\/59\/2022\/08\/1EBC90A8-EC35-4FB8-9303-7D179BC65429-768x576.jpeg 768w, https:\/\/blogs.correiobraziliense.com.br\/capital-sa\/wp-content\/uploads\/sites\/59\/2022\/08\/1EBC90A8-EC35-4FB8-9303-7D179BC65429.jpeg 1024w, https:\/\/blogs.correiobraziliense.com.br\/capital-sa\/wp-content\/uploads\/sites\/59\/2022\/08\/1EBC90A8-EC35-4FB8-9303-7D179BC65429-800x600.jpeg 800w, https:\/\/blogs.correiobraziliense.com.br\/capital-sa\/wp-content\/uploads\/sites\/59\/2022\/08\/1EBC90A8-EC35-4FB8-9303-7D179BC65429-550x413.jpeg 550w, https:\/\/blogs.correiobraziliense.com.br\/capital-sa\/wp-content\/uploads\/sites\/59\/2022\/08\/1EBC90A8-EC35-4FB8-9303-7D179BC65429-230x173.jpeg 230w\" sizes=\"auto, (max-width: 300px) 100vw, 300px\" \/><br \/>\n<span style=\"font-size: large\">Representantes do Codese aproveitaram para fazer o convite de participa\u00e7\u00e3o\u00a0<\/span><span style=\"font-size: large\">da sabatina em 30 e <\/span><a style=\"font-size: large\" href=\"\/\/1\">31 de agosto<\/a><span style=\"font-size: large\">, que ocorrer\u00e1 no CICB, a partir das 8h da manh\u00e3. Os tr\u00eas aceitaram comparecer.<\/span><\/p>\n<p><img loading=\"lazy\" decoding=\"async\" class=\"aligncenter size-medium wp-image-9346\" src=\"https:\/\/blogs.correiobraziliense.com.br\/capital-sa\/wp-content\/uploads\/sites\/59\/2022\/08\/D315A718-7E3A-49C5-BE42-C8A18433F795-300x225.jpeg\" alt=\"\" width=\"300\" height=\"225\" srcset=\"https:\/\/blogs.correiobraziliense.com.br\/capital-sa\/wp-content\/uploads\/sites\/59\/2022\/08\/D315A718-7E3A-49C5-BE42-C8A18433F795-300x225.jpeg 300w, https:\/\/blogs.correiobraziliense.com.br\/capital-sa\/wp-content\/uploads\/sites\/59\/2022\/08\/D315A718-7E3A-49C5-BE42-C8A18433F795-768x576.jpeg 768w, https:\/\/blogs.correiobraziliense.com.br\/capital-sa\/wp-content\/uploads\/sites\/59\/2022\/08\/D315A718-7E3A-49C5-BE42-C8A18433F795.jpeg 1024w, https:\/\/blogs.correiobraziliense.com.br\/capital-sa\/wp-content\/uploads\/sites\/59\/2022\/08\/D315A718-7E3A-49C5-BE42-C8A18433F795-800x600.jpeg 800w, https:\/\/blogs.correiobraziliense.com.br\/capital-sa\/wp-content\/uploads\/sites\/59\/2022\/08\/D315A718-7E3A-49C5-BE42-C8A18433F795-550x413.jpeg 550w, https:\/\/blogs.correiobraziliense.com.br\/capital-sa\/wp-content\/uploads\/sites\/59\/2022\/08\/D315A718-7E3A-49C5-BE42-C8A18433F795-230x173.jpeg 230w\" sizes=\"auto, (max-width: 300px) 100vw, 300px\" \/><\/p>\n<p><b style=\"font-size: 16px\">Apartid\u00e1ria\u00a0<\/b><\/p>\n<p>&#8220;A entidade \u00e9 apartid\u00e1ria. Mas vamos apresentar a todos os candidatos ao GDF, bem como buscar de cada um deles o compromisso de usar o material em seu Plano de Governo, assim como foi feito pelo Codese no processo eleitoral de 2018&#8221;, disse\u00a0\u00a0Leonardo Oliveira de \u00c1vila , presidente do Conselho de Desenvolvimento Econ\u00f4mico , Sustent\u00e1vel e Estrat\u00e9gico do DF (Codese).<\/p>\n<\/div>\n<p><b>F\u00f3runs nas cidades<\/b><\/p>\n<div class=\"gmail_quote\"><span style=\"font-size: large\">\u00a0O<\/span><span style=\"font-size: large\">\u00a0documento \u00e9 resultado de atividades, f\u00f3runs e workshops, com intera\u00e7\u00e3o, por meio de hackathons, com todas as regi\u00f5es administrativas do DF. Em mar\u00e7o, foi realizado\u00a0evento no Museu da Rep\u00fablica, aberto ao p\u00fablico, para\u00a0ampliar e validar o texto final, que \u00e9 dividido em\u00a06 Eixos Estrat\u00e9gicos debatidos por 17 c\u00e2maras t\u00e9cnicas.<\/span><\/div>\n<div class=\"gmail_quote\"><span style=\"font-size: large\">\u00a0<\/span><\/div>\n","protected":false},"excerpt":{"rendered":"<p>Por Samanta Sallum \u00a0\u00a0 &nbsp; O documento O DF que a Gente Quer, vis\u00e3o 2022-2040, assinado pelo Codese, ficou pronto. \u00c9 um livro com 180 p\u00e1ginas com propostas e diretrizes, sugeridas por diversos setores da sociedade civil, para pol\u00edticas p\u00fablicas de desenvolvimento\u00a0econ\u00f4mico e sustent\u00e1vel da capital federal. S\u00e3o contempladas as \u00e1reas do com\u00e9rcio, servi\u00e7os, ind\u00fastria e agroneg\u00f3cios, al\u00e9m de mobilidade [&hellip;]<\/p>\n","protected":false},"author":125,"featured_media":9344,"comment_status":"open","ping_status":"open","sticky":false,"template":"","format":"standard","meta":{"footnotes":""},"categories":[6],"tags":[1408,1278,1409,613,296,643,1099],"class_list":["post-9336","post","type-post","status-publish","format-standard","has-post-thumbnail","hentry","category-coluna-capital-s-a","tag-buriti","tag-candidatos","tag-cicb","tag-codese","tag-livro","tag-propostas","tag-sabatina"],"_links":{"self":[{"href":"https:\/\/blogs.correiobraziliense.com.br\/capital-sa\/wp-json\/wp\/v2\/posts\/9336","targetHints":{"allow":["GET"]}}],"collection":[{"href":"https:\/\/blogs.correiobraziliense.com.br\/capital-sa\/wp-json\/wp\/v2\/posts"}],"about":[{"href":"https:\/\/blogs.correiobraziliense.com.br\/capital-sa\/wp-json\/wp\/v2\/types\/post"}],"author":[{"embeddable":true,"href":"https:\/\/blogs.correiobraziliense.com.br\/capital-sa\/wp-json\/wp\/v2\/users\/125"}],"replies":[{"embeddable":true,"href":"https:\/\/blogs.correiobraziliense.com.br\/capital-sa\/wp-json\/wp\/v2\/comments?post=9336"}],"version-history":[{"count":11,"href":"https:\/\/blogs.correiobraziliense.com.br\/capital-sa\/wp-json\/wp\/v2\/posts\/9336\/revisions"}],"predecessor-version":[{"id":9384,"href":"https:\/\/blogs.correiobraziliense.com.br\/capital-sa\/wp-json\/wp\/v2\/posts\/9336\/revisions\/9384"}],"wp:featuredmedia":[{"embeddable":true,"href":"https:\/\/blogs.correiobraziliense.com.br\/capital-sa\/wp-json\/wp\/v2\/media\/9344"}],"wp:attachment":[{"href":"https:\/\/blogs.correiobraziliense.com.br\/capital-sa\/wp-json\/wp\/v2\/media?parent=9336"}],"wp:term":[{"taxonomy":"category","embeddable":true,"href":"https:\/\/blogs.correiobraziliense.com.br\/capital-sa\/wp-json\/wp\/v2\/categories?post=9336"},{"taxonomy":"post_tag","embeddable":true,"href":"https:\/\/blogs.correiobraziliense.com.br\/capital-sa\/wp-json\/wp\/v2\/tags?post=9336"}],"curies":[{"name":"wp","href":"https:\/\/api.w.org\/{rel}","templated":true}]}}