{"id":9323,"date":"2022-08-16T11:05:49","date_gmt":"2022-08-16T14:05:49","guid":{"rendered":"https:\/\/blogs.correiobraziliense.com.br\/capital-sa\/?p=9323"},"modified":"2022-08-16T18:51:31","modified_gmt":"2022-08-16T21:51:31","slug":"farmacias-se-preparam-para-realizar-exames-laboratoriais","status":"publish","type":"post","link":"https:\/\/blogs.correiobraziliense.com.br\/capital-sa\/2022\/08\/16\/farmacias-se-preparam-para-realizar-exames-laboratoriais\/","title":{"rendered":"Farm\u00e1cias se preparam para realizar exames laboratoriais"},"content":{"rendered":"<p>Por Samanta Sallum<\/p>\n<p class=\"p1\">O setor farmac\u00eautico se mobiliza para passar, em breve, a oferecer exames laboratoriais e at\u00e9 teleconsultas. A novidade sofre oposi\u00e7\u00e3o dos laborat\u00f3rios de an\u00e1lises cl\u00ednicas. Mas teve o caminho aberto em consulta p\u00fablica lan\u00e7ada pela Ag\u00eancia Nacional de Vigil\u00e2ncia Sanit\u00e1ria (Anvisa) em 2020. E ganhou mais for\u00e7a recentemente. A previs\u00e3o \u00e9 que se torne realidade nos pr\u00f3ximos 6 meses. Mas, para isso, os estabelecimentos ter\u00e3o de passar por uma s\u00e9rie de adequa\u00e7\u00f5es para atender as exig\u00eancias sanit\u00e1rias.<\/p>\n<p class=\"p1\">N\u00e3o ser\u00e1 necess\u00e1ria a aprova\u00e7\u00e3o de lei no Congresso. Basta uma RDC da Anvisa.<\/p>\n<p class=\"p1\"><span class=\"s1\">Um importante ensaio nesse sentido foi feito na pandemia. O segmento realizou 19,2 milh\u00f5es de testesr\u00e1pidos para o<a href=\"https:\/\/www.opovo.com.br\/coronavirus\/2022\/06\/22\/testes-rapidos-de-covid-confirmam-243-casos-a-cada-dia-de-junho-no-ce.html\"><span class=\"s2\"> diagn\u00f3stico de Covid-19<\/span><\/a>, autorizados em car\u00e1ter excepcional pelo Minist\u00e9rio da Sa\u00fade, dos quais 4,5 milh\u00f5es foram confirmados como positivos. O Distrito Federal foi uma das regi\u00f5es do pa\u00eds que ofereceu o servi\u00e7o nas farm\u00e1cias. <\/span><\/p>\n<p class=\"p1\"><span class=\"s1\"><b>Pre\u00e7os <\/b><\/span><\/p>\n<p class=\"p1\"><span class=\"s1\">A Associa\u00e7\u00e3o Brasileira de Redes de Farm\u00e1cias e Drogarias (Abrafarma) aponta que<span class=\"Apple-converted-space\">\u00a0<\/span>2 milh\u00f5es de pessoas fizeram exames para diagn\u00f3stico de Covid e foram encaminhadas para tratamento m\u00e9dico. Outra linha de argumenta\u00e7\u00e3o para defender a proposta \u00e9 a redu\u00e7\u00e3o de custos para o consumidor, baseado no que ocorreu ap\u00f3s a libera\u00e7\u00e3o da aplica\u00e7\u00e3o de vacinas em farm\u00e1cias no ano de 2017.<\/span><\/p>\n<p>Em rela\u00e7\u00e3o \u00e0 atualiza\u00e7\u00e3o da RDC 302\/05, que regula o funcionamento de laborat\u00f3rios cl\u00ednicos e incluindo farm\u00e1cias e drogarias no rol de estabelecimentos que poderiam realizar exames laboratoriais, o Sindilab-DF informou que n\u00e3o tem obje\u00e7\u00f5es \u00e0 iniciativa. Entretanto, o setor n\u00e3o acredita no avan\u00e7o da proposta diante dos investimentos necess\u00e1rios para se transformar um estabelecimento como uma drogaria em laborat\u00f3rio.<\/p>\n<p>&#8220;\u00c9 invi\u00e1vel para a grande maioria das farm\u00e1cias, inclusive para as grandes redes, que teriam de fazer investimentos consider\u00e1veis para se adequarem aos pr\u00e9-requisitos de controle de qualidade que s\u00e3o exigidos dos laborat\u00f3rios&#8221;, afirma Alexandre Bitencourt, presidente do Sindilab.<\/p>\n<p>Hoje exames como o autoteste de Covid-19, HIV e gravidez j\u00e1 podem ser comercializados. E o setor de laborat\u00f3rios n\u00e3o v\u00ea problema nesse modelo. Para a realiza\u00e7\u00e3o de coleta e exames de maior complexidade, \u00e9 necess\u00e1ria uma estrutura f\u00edsica e aquisi\u00e7\u00e3o de equipamentos. &#8220;\u00c9 mais simples um laborat\u00f3rio se transformar em uma farm\u00e1cia do que o contr\u00e1rio&#8221;, concluiu.<\/p>\n<p>As farm\u00e1cias explicam que poder\u00e3o se unir para montar uma estrutura de laborat\u00f3rio ou contratar um para o diagn\u00f3stico e elas fazem a coleta do material necess\u00e1rio para os exames.<\/p>\n<p class=\"p1\"><span class=\"s1\"><b>Contra a venda de rem\u00e9dios em supermercados <\/b><\/span><\/p>\n<p class=\"p1\"><span class=\"s1\">Por outro lado, a Abrafarma \u00e9 contra a autoriza\u00e7\u00e3o da venda de rem\u00e9dios, que n\u00e3o necessitam de prescri\u00e7\u00e3o, em supermercados. O\u00a0<\/span><span class=\"s1\">setor farmac\u00eautico comemorou a rejei\u00e7\u00e3o\u00a0do pedido de urg\u00eancia de um projeto de lei (PL) que tramita<span class=\"Apple-converted-space\">\u00a0 <\/span>na C\u00e2mara dos Deputados que permite esse tipo de com\u00e9rcio. A aprova\u00e7\u00e3o do requerimento precisava de 257 votos para avan\u00e7ar, mas alcan\u00e7ou 225.<\/span><\/p>\n","protected":false},"excerpt":{"rendered":"<p>Por Samanta Sallum O setor farmac\u00eautico se mobiliza para passar, em breve, a oferecer exames laboratoriais e at\u00e9 teleconsultas. A novidade sofre oposi\u00e7\u00e3o dos laborat\u00f3rios de an\u00e1lises cl\u00ednicas. Mas teve o caminho aberto em consulta p\u00fablica lan\u00e7ada pela Ag\u00eancia Nacional de Vigil\u00e2ncia Sanit\u00e1ria (Anvisa) em 2020. E ganhou mais for\u00e7a recentemente. A previs\u00e3o \u00e9 que se torne realidade nos pr\u00f3ximos [&hellip;]<\/p>\n","protected":false},"author":125,"featured_media":9328,"comment_status":"open","ping_status":"open","sticky":false,"template":"","format":"standard","meta":{"footnotes":""},"categories":[6],"tags":[1401,471,1404,1402,1312,753,440,1406,1405,1353,1403],"class_list":["post-9323","post","type-post","status-publish","format-standard","has-post-thumbnail","hentry","category-coluna-capital-s-a","tag-autoteste","tag-precos","tag-abrafarma","tag-demanda","tag-exames","tag-farmacias","tag-laboratorios","tag-remedios","tag-sindilab","tag-supermercados","tag-teleconsultas"],"_links":{"self":[{"href":"https:\/\/blogs.correiobraziliense.com.br\/capital-sa\/wp-json\/wp\/v2\/posts\/9323","targetHints":{"allow":["GET"]}}],"collection":[{"href":"https:\/\/blogs.correiobraziliense.com.br\/capital-sa\/wp-json\/wp\/v2\/posts"}],"about":[{"href":"https:\/\/blogs.correiobraziliense.com.br\/capital-sa\/wp-json\/wp\/v2\/types\/post"}],"author":[{"embeddable":true,"href":"https:\/\/blogs.correiobraziliense.com.br\/capital-sa\/wp-json\/wp\/v2\/users\/125"}],"replies":[{"embeddable":true,"href":"https:\/\/blogs.correiobraziliense.com.br\/capital-sa\/wp-json\/wp\/v2\/comments?post=9323"}],"version-history":[{"count":7,"href":"https:\/\/blogs.correiobraziliense.com.br\/capital-sa\/wp-json\/wp\/v2\/posts\/9323\/revisions"}],"predecessor-version":[{"id":9331,"href":"https:\/\/blogs.correiobraziliense.com.br\/capital-sa\/wp-json\/wp\/v2\/posts\/9323\/revisions\/9331"}],"wp:featuredmedia":[{"embeddable":true,"href":"https:\/\/blogs.correiobraziliense.com.br\/capital-sa\/wp-json\/wp\/v2\/media\/9328"}],"wp:attachment":[{"href":"https:\/\/blogs.correiobraziliense.com.br\/capital-sa\/wp-json\/wp\/v2\/media?parent=9323"}],"wp:term":[{"taxonomy":"category","embeddable":true,"href":"https:\/\/blogs.correiobraziliense.com.br\/capital-sa\/wp-json\/wp\/v2\/categories?post=9323"},{"taxonomy":"post_tag","embeddable":true,"href":"https:\/\/blogs.correiobraziliense.com.br\/capital-sa\/wp-json\/wp\/v2\/tags?post=9323"}],"curies":[{"name":"wp","href":"https:\/\/api.w.org\/{rel}","templated":true}]}}