{"id":9305,"date":"2022-08-15T11:19:55","date_gmt":"2022-08-15T14:19:55","guid":{"rendered":"https:\/\/blogs.correiobraziliense.com.br\/capital-sa\/?p=9305"},"modified":"2022-08-15T17:23:54","modified_gmt":"2022-08-15T20:23:54","slug":"acordo-entre-comerciantes-e-comerciarios-define-reajuste-de-salarios-no-df-e-lojas-poderao-abrir-nos-feriados","status":"publish","type":"post","link":"https:\/\/blogs.correiobraziliense.com.br\/capital-sa\/2022\/08\/15\/acordo-entre-comerciantes-e-comerciarios-define-reajuste-de-salarios-no-df-e-lojas-poderao-abrir-nos-feriados\/","title":{"rendered":"Acordo entre comerciantes e comerci\u00e1rios define reajuste  de sal\u00e1rios no DF. E lojas poder\u00e3o abrir nos feriados"},"content":{"rendered":"<p class=\"p1\">Por Samanta Sallum<\/p>\n<p class=\"p1\"><span class=\"s1\">Os 120 mil trabalhadores do com\u00e9rcio varejista do DF ter\u00e3o os sal\u00e1rios reajustados em 4,5% em<span class=\"Apple-converted-space\">\u00a0<\/span>agosto. Ele ser\u00e1 retroativo a 1\u00ba de maio deste ano, e mais 4,5% em outubro.<\/span><\/p>\n<p class=\"p1\"><span class=\"s1\">O sal\u00e1rio base passa agora de R$ 1.290 para R$ 1.400, valor que subir\u00e1 para R$ 1.450 em 1\u00ba de outubro. \u00c9 o que determina a Conven\u00e7\u00e3o Coletiva de Trabalho, assinada entre o Sindicato do Com\u00e9rcio Varejista e o Sindicato dos Empregados no Com\u00e9rcio. A conven\u00e7\u00e3o foi firmada pelos presidentes do Sindivarejista, Sebasti\u00e3o Abritta, e Geralda Godinho, do Sindicom.<\/span><\/p>\n<p class=\"p1\"><span class=\"s1\"><b>Lojas abertas nos pr\u00f3ximos feriados <\/b><\/span><\/p>\n<p class=\"p1\"><span class=\"s1\">Lojas de rua e de shoppings poder\u00e3o funcionar<span class=\"Apple-converted-space\">\u00a0 <\/span>nos feriados de 7 de setembro, 12 de outubro, 2, 15 e 30 de novembro,\u201921 de abril\/23 (anivers\u00e1rio de Bras\u00edlia) e 1\u00b0 de maio\/23. Mas fechar\u00e3o em 25 e 31 de dezembro, e em 7 de abril\/2023 (Sexta-feira Santa).<\/span><\/p>\n<p class=\"p1\"><span class=\"s1\"><b>Pr\u00f3ximo carnaval <\/b><\/span><\/p>\n<p class=\"p1\"><span class=\"s1\">No carnaval de 2023, o com\u00e9rcio abrir\u00e1 no s\u00e1bado, domingo e na segunda-feira, mas n\u00e3o funcionar\u00e1 na ter\u00e7a-feira (21 de fevereiro).<\/span><\/p>\n","protected":false},"excerpt":{"rendered":"<p>Por Samanta Sallum Os 120 mil trabalhadores do com\u00e9rcio varejista do DF ter\u00e3o os sal\u00e1rios reajustados em 4,5% em\u00a0agosto. Ele ser\u00e1 retroativo a 1\u00ba de maio deste ano, e mais 4,5% em outubro. O sal\u00e1rio base passa agora de R$ 1.290 para R$ 1.400, valor que subir\u00e1 para R$ 1.450 em 1\u00ba de outubro. \u00c9 o que determina a Conven\u00e7\u00e3o [&hellip;]<\/p>\n","protected":false},"author":125,"featured_media":9310,"comment_status":"open","ping_status":"open","sticky":false,"template":"","format":"standard","meta":{"footnotes":""},"categories":[6],"tags":[1285,1398,1400,1399,950,1397],"class_list":["post-9305","post","type-post","status-publish","format-standard","has-post-thumbnail","hentry","category-coluna-capital-s-a","tag-acordo","tag-convencaocoletiva","tag-feriados","tag-oqueabreeoquefecha","tag-reajuste","tag-salarios"],"_links":{"self":[{"href":"https:\/\/blogs.correiobraziliense.com.br\/capital-sa\/wp-json\/wp\/v2\/posts\/9305","targetHints":{"allow":["GET"]}}],"collection":[{"href":"https:\/\/blogs.correiobraziliense.com.br\/capital-sa\/wp-json\/wp\/v2\/posts"}],"about":[{"href":"https:\/\/blogs.correiobraziliense.com.br\/capital-sa\/wp-json\/wp\/v2\/types\/post"}],"author":[{"embeddable":true,"href":"https:\/\/blogs.correiobraziliense.com.br\/capital-sa\/wp-json\/wp\/v2\/users\/125"}],"replies":[{"embeddable":true,"href":"https:\/\/blogs.correiobraziliense.com.br\/capital-sa\/wp-json\/wp\/v2\/comments?post=9305"}],"version-history":[{"count":6,"href":"https:\/\/blogs.correiobraziliense.com.br\/capital-sa\/wp-json\/wp\/v2\/posts\/9305\/revisions"}],"predecessor-version":[{"id":9322,"href":"https:\/\/blogs.correiobraziliense.com.br\/capital-sa\/wp-json\/wp\/v2\/posts\/9305\/revisions\/9322"}],"wp:featuredmedia":[{"embeddable":true,"href":"https:\/\/blogs.correiobraziliense.com.br\/capital-sa\/wp-json\/wp\/v2\/media\/9310"}],"wp:attachment":[{"href":"https:\/\/blogs.correiobraziliense.com.br\/capital-sa\/wp-json\/wp\/v2\/media?parent=9305"}],"wp:term":[{"taxonomy":"category","embeddable":true,"href":"https:\/\/blogs.correiobraziliense.com.br\/capital-sa\/wp-json\/wp\/v2\/categories?post=9305"},{"taxonomy":"post_tag","embeddable":true,"href":"https:\/\/blogs.correiobraziliense.com.br\/capital-sa\/wp-json\/wp\/v2\/tags?post=9305"}],"curies":[{"name":"wp","href":"https:\/\/api.w.org\/{rel}","templated":true}]}}