{"id":929,"date":"2020-12-08T08:52:35","date_gmt":"2020-12-08T11:52:35","guid":{"rendered":"https:\/\/blogs.correiobraziliense.com.br\/capital-sa\/?p=929"},"modified":"2020-12-08T08:53:03","modified_gmt":"2020-12-08T11:53:03","slug":"arte-de-brasilia-em-grife-mineira","status":"publish","type":"post","link":"https:\/\/blogs.correiobraziliense.com.br\/capital-sa\/2020\/12\/08\/arte-de-brasilia-em-grife-mineira\/","title":{"rendered":"Arte de Bras\u00edlia em grife mineira"},"content":{"rendered":"<p>Augusto Correa, 20 anos, pintor Down de Bras\u00edlia, teve seus desenhos escolhidos pela grife PIM, de Belo Horizonte (BH), para uma linha em seda de cangas, len\u00e7os e bolsas.<\/p>\n<p>Ele foi pessoalmente a BH para o lan\u00e7amento. Deu aut\u00f3grafos, ajudou a vender e fez desenhos ao vivo para as clientes.<\/p>\n<p><img loading=\"lazy\" decoding=\"async\" class=\"aligncenter size-medium wp-image-931\" src=\"https:\/\/blogs.correiobraziliense.com.br\/capital-sa\/wp-content\/uploads\/sites\/59\/2020\/12\/eme-245x300.jpg\" alt=\"\" width=\"245\" height=\"300\" srcset=\"https:\/\/blogs.correiobraziliense.com.br\/capital-sa\/wp-content\/uploads\/sites\/59\/2020\/12\/eme-245x300.jpg 245w, https:\/\/blogs.correiobraziliense.com.br\/capital-sa\/wp-content\/uploads\/sites\/59\/2020\/12\/eme-230x282.jpg 230w, https:\/\/blogs.correiobraziliense.com.br\/capital-sa\/wp-content\/uploads\/sites\/59\/2020\/12\/eme.jpg 423w\" sizes=\"auto, (max-width: 245px) 100vw, 245px\" \/><\/p>\n<h3>Esportes<\/h3>\n<p>Augusto pinta desde os 15 anos e j\u00e1 fez tr\u00eas exposi\u00e7\u00f5es. No Senado e a \u00faltima no Centro Cultural do TCU.<\/p>\n<p>Al\u00e9m da pintura, ele adora esportes, mergulha em alto-mar e \u00e9 faixa-preta de jud\u00f4.<\/p>\n","protected":false},"excerpt":{"rendered":"<p>Augusto Correa, 20 anos, pintor Down de Bras\u00edlia, teve seus desenhos escolhidos pela grife PIM, de Belo Horizonte (BH), para uma linha em seda de cangas, len\u00e7os e bolsas. Ele foi pessoalmente a BH para o lan\u00e7amento. Deu aut\u00f3grafos, ajudou a vender e fez desenhos ao vivo para as clientes. Esportes Augusto pinta desde os 15 anos e j\u00e1 fez [&hellip;]<\/p>\n","protected":false},"author":125,"featured_media":930,"comment_status":"open","ping_status":"open","sticky":false,"template":"","format":"standard","meta":{"footnotes":""},"categories":[6],"tags":[181,255,257,258,256],"class_list":["post-929","post","type-post","status-publish","format-standard","has-post-thumbnail","hentry","category-coluna-capital-s-a","tag-arte","tag-augustocorrea","tag-bh","tag-grife","tag-pintura"],"_links":{"self":[{"href":"https:\/\/blogs.correiobraziliense.com.br\/capital-sa\/wp-json\/wp\/v2\/posts\/929","targetHints":{"allow":["GET"]}}],"collection":[{"href":"https:\/\/blogs.correiobraziliense.com.br\/capital-sa\/wp-json\/wp\/v2\/posts"}],"about":[{"href":"https:\/\/blogs.correiobraziliense.com.br\/capital-sa\/wp-json\/wp\/v2\/types\/post"}],"author":[{"embeddable":true,"href":"https:\/\/blogs.correiobraziliense.com.br\/capital-sa\/wp-json\/wp\/v2\/users\/125"}],"replies":[{"embeddable":true,"href":"https:\/\/blogs.correiobraziliense.com.br\/capital-sa\/wp-json\/wp\/v2\/comments?post=929"}],"version-history":[{"count":3,"href":"https:\/\/blogs.correiobraziliense.com.br\/capital-sa\/wp-json\/wp\/v2\/posts\/929\/revisions"}],"predecessor-version":[{"id":934,"href":"https:\/\/blogs.correiobraziliense.com.br\/capital-sa\/wp-json\/wp\/v2\/posts\/929\/revisions\/934"}],"wp:featuredmedia":[{"embeddable":true,"href":"https:\/\/blogs.correiobraziliense.com.br\/capital-sa\/wp-json\/wp\/v2\/media\/930"}],"wp:attachment":[{"href":"https:\/\/blogs.correiobraziliense.com.br\/capital-sa\/wp-json\/wp\/v2\/media?parent=929"}],"wp:term":[{"taxonomy":"category","embeddable":true,"href":"https:\/\/blogs.correiobraziliense.com.br\/capital-sa\/wp-json\/wp\/v2\/categories?post=929"},{"taxonomy":"post_tag","embeddable":true,"href":"https:\/\/blogs.correiobraziliense.com.br\/capital-sa\/wp-json\/wp\/v2\/tags?post=929"}],"curies":[{"name":"wp","href":"https:\/\/api.w.org\/{rel}","templated":true}]}}