{"id":9278,"date":"2022-08-14T08:38:41","date_gmt":"2022-08-14T11:38:41","guid":{"rendered":"https:\/\/blogs.correiobraziliense.com.br\/capital-sa\/?p=9278"},"modified":"2022-08-15T17:19:43","modified_gmt":"2022-08-15T20:19:43","slug":"do-cerrado-ao-pantanal-pelo-artesanato","status":"publish","type":"post","link":"https:\/\/blogs.correiobraziliense.com.br\/capital-sa\/2022\/08\/14\/do-cerrado-ao-pantanal-pelo-artesanato\/","title":{"rendered":"Do cerrado ao pantanal, pelo artesanato"},"content":{"rendered":"<div class=\"gmail_signature\" dir=\"ltr\"><\/div>\n<div class=\"gmail_signature\" dir=\"ltr\"><em>Exposi\u00e7\u00e3o, realizada no Rio de Janeiro, d\u00e1 protagonismo a artes\u00e3os do Centro-Oeste. O Distrito Federal tem destaque com pe\u00e7as de 53 artistas brasilienses \u00a0<\/em><\/div>\n<div dir=\"ltr\"><\/div>\n<div dir=\"ltr\"><\/div>\n<div class=\"gmail_signature\" dir=\"ltr\"><\/div>\n<div class=\"gmail_signature\" dir=\"ltr\">\n<p>Por Samanta Sallum<\/p>\n<p>Uma galeria de ip\u00eas colore a passarela que conduz os visitantes da exposi\u00e7\u00e3o Casa do Brasil Central, no Rio de Janeiro. S\u00edmbolo do cerrado e marca \u00edcone da capital federal, eles, em forma de artesanato, ornamentam o corredor que inicia a mostra. Beleza pura. Feita \u00e0 m\u00e3o.<\/p>\n<p><img loading=\"lazy\" decoding=\"async\" class=\"aligncenter size-medium wp-image-9284\" src=\"https:\/\/blogs.correiobraziliense.com.br\/capital-sa\/wp-content\/uploads\/sites\/59\/2022\/08\/EFD13057-0E4C-4DAA-AE10-DD7D44DC3C59-300x200.jpeg\" alt=\"\" width=\"300\" height=\"200\" srcset=\"https:\/\/blogs.correiobraziliense.com.br\/capital-sa\/wp-content\/uploads\/sites\/59\/2022\/08\/EFD13057-0E4C-4DAA-AE10-DD7D44DC3C59-300x200.jpeg 300w, https:\/\/blogs.correiobraziliense.com.br\/capital-sa\/wp-content\/uploads\/sites\/59\/2022\/08\/EFD13057-0E4C-4DAA-AE10-DD7D44DC3C59-768x512.jpeg 768w, https:\/\/blogs.correiobraziliense.com.br\/capital-sa\/wp-content\/uploads\/sites\/59\/2022\/08\/EFD13057-0E4C-4DAA-AE10-DD7D44DC3C59.jpeg 1024w, https:\/\/blogs.correiobraziliense.com.br\/capital-sa\/wp-content\/uploads\/sites\/59\/2022\/08\/EFD13057-0E4C-4DAA-AE10-DD7D44DC3C59-800x533.jpeg 800w, https:\/\/blogs.correiobraziliense.com.br\/capital-sa\/wp-content\/uploads\/sites\/59\/2022\/08\/EFD13057-0E4C-4DAA-AE10-DD7D44DC3C59-550x366.jpeg 550w, https:\/\/blogs.correiobraziliense.com.br\/capital-sa\/wp-content\/uploads\/sites\/59\/2022\/08\/EFD13057-0E4C-4DAA-AE10-DD7D44DC3C59-230x153.jpeg 230w\" sizes=\"auto, (max-width: 300px) 100vw, 300px\" \/><\/p>\n<p>S\u00e3o a cereja de um bolo que mistura ingredientes regionais. O Distrito Federal tem destaque no acervo apresentado na maior vitrine tur\u00edstica do pa\u00eds: o Rio de Janeiro. Estamos muito bem representados pela arte de 53 artes\u00e3os das mais variadas partes do quadradinho.<\/p>\n<p>Entre eles, Cleziania Ribeiro, 43 anos, moradora da Ceil\u00e2ndia. As pequenas cria\u00e7\u00f5es em argila, que come\u00e7aram a surgir quando a artes\u00e3 tinha 12 anos, s\u00e3o delicadas e realistas. A min\u00facia, os detalhes as tornam singulares e po\u00e9ticas. Em algumas, imprime a pr\u00f3pria atividade, com mulheres a bordar. Na toalha esculpida, os mais observadores conseguem identificar, de novo: os ip\u00eas, na estampa.<\/p>\n<p><img loading=\"lazy\" decoding=\"async\" class=\"aligncenter size-medium wp-image-9286\" src=\"https:\/\/blogs.correiobraziliense.com.br\/capital-sa\/wp-content\/uploads\/sites\/59\/2022\/08\/BC0434A6-AF35-4F68-88CF-94EE3D496606-300x169.jpeg\" alt=\"\" width=\"300\" height=\"169\" srcset=\"https:\/\/blogs.correiobraziliense.com.br\/capital-sa\/wp-content\/uploads\/sites\/59\/2022\/08\/BC0434A6-AF35-4F68-88CF-94EE3D496606-300x169.jpeg 300w, https:\/\/blogs.correiobraziliense.com.br\/capital-sa\/wp-content\/uploads\/sites\/59\/2022\/08\/BC0434A6-AF35-4F68-88CF-94EE3D496606-768x432.jpeg 768w, https:\/\/blogs.correiobraziliense.com.br\/capital-sa\/wp-content\/uploads\/sites\/59\/2022\/08\/BC0434A6-AF35-4F68-88CF-94EE3D496606-1024x576.jpeg 1024w, https:\/\/blogs.correiobraziliense.com.br\/capital-sa\/wp-content\/uploads\/sites\/59\/2022\/08\/BC0434A6-AF35-4F68-88CF-94EE3D496606-800x450.jpeg 800w, https:\/\/blogs.correiobraziliense.com.br\/capital-sa\/wp-content\/uploads\/sites\/59\/2022\/08\/BC0434A6-AF35-4F68-88CF-94EE3D496606-550x309.jpeg 550w, https:\/\/blogs.correiobraziliense.com.br\/capital-sa\/wp-content\/uploads\/sites\/59\/2022\/08\/BC0434A6-AF35-4F68-88CF-94EE3D496606-230x129.jpeg 230w, https:\/\/blogs.correiobraziliense.com.br\/capital-sa\/wp-content\/uploads\/sites\/59\/2022\/08\/BC0434A6-AF35-4F68-88CF-94EE3D496606.jpeg 1280w\" sizes=\"auto, (max-width: 300px) 100vw, 300px\" \/><\/p>\n<p>&#8220;Aprendi vendo minha m\u00e3e fazer utens\u00edlios para a casa. Eu amo o que eu fa\u00e7o, e minha inspira\u00e7\u00e3o \u00e9 retratar o cotidiano, as coisas simples do campo&#8221;, destaca.<\/p>\n<p>A exposi\u00e7\u00e3o, que retrata o artesanato do cerrado ao pantanal,\u00a0\u00e9 realizada no Centro Sebrae de Refer\u00eancia de Artesanato Brasileiro (CRAB). Ele fica em um pr\u00e9dio hist\u00f3rico da Pra\u00e7a Tiradentes, no Rio de Janeiro. A mostra foi inaugurada na quinta-feira passada e re\u00fane, at\u00e9 outubro, pe\u00e7as de mais de 150 artes\u00e3os do Centro-Oeste.<\/p>\n<p><b>Experi\u00eancia sensorial<\/b><\/p>\n<p>Para dar mais vida ao cen\u00e1rio, o evento conta com experi\u00eancia sensorial: exposi\u00e7\u00e3o fotogr\u00e1fica com proje\u00e7\u00f5es, filmes e sons transmitidos no local transportam \u00e0s paisagens deslumbrantes como cachoeiras, nascentes cristalinas do cerrado e os imensos alagados do pantanal, al\u00e9m de demonstrar a marcante arquitetura do Distrito Federal.<\/p>\n<p><img loading=\"lazy\" decoding=\"async\" class=\"aligncenter size-medium wp-image-9288\" src=\"https:\/\/blogs.correiobraziliense.com.br\/capital-sa\/wp-content\/uploads\/sites\/59\/2022\/08\/CBBAC1B5-8346-4780-9F02-F222335B2320-300x200.jpeg\" alt=\"\" width=\"300\" height=\"200\" srcset=\"https:\/\/blogs.correiobraziliense.com.br\/capital-sa\/wp-content\/uploads\/sites\/59\/2022\/08\/CBBAC1B5-8346-4780-9F02-F222335B2320-300x200.jpeg 300w, https:\/\/blogs.correiobraziliense.com.br\/capital-sa\/wp-content\/uploads\/sites\/59\/2022\/08\/CBBAC1B5-8346-4780-9F02-F222335B2320-768x513.jpeg 768w, https:\/\/blogs.correiobraziliense.com.br\/capital-sa\/wp-content\/uploads\/sites\/59\/2022\/08\/CBBAC1B5-8346-4780-9F02-F222335B2320.jpeg 1024w, https:\/\/blogs.correiobraziliense.com.br\/capital-sa\/wp-content\/uploads\/sites\/59\/2022\/08\/CBBAC1B5-8346-4780-9F02-F222335B2320-800x534.jpeg 800w, https:\/\/blogs.correiobraziliense.com.br\/capital-sa\/wp-content\/uploads\/sites\/59\/2022\/08\/CBBAC1B5-8346-4780-9F02-F222335B2320-550x367.jpeg 550w, https:\/\/blogs.correiobraziliense.com.br\/capital-sa\/wp-content\/uploads\/sites\/59\/2022\/08\/CBBAC1B5-8346-4780-9F02-F222335B2320-230x154.jpeg 230w\" sizes=\"auto, (max-width: 300px) 100vw, 300px\" \/><\/p>\n<p>A festa de abertura contou com a apresenta\u00e7\u00e3o do m\u00fasico Gabriel Sater, que faz o personagem Trindade na novela Pantanal. Em clima de roda de viola, fez o p\u00fablico viajar ao universo pantaneiro com can\u00e7\u00f5es tradicionais. Jacar\u00e9s e on\u00e7as n\u00e3o podiam faltar na exposi\u00e7\u00e3o, mas, l\u00e1, s\u00e3o talhados em madeira.<\/p>\n<p><img loading=\"lazy\" decoding=\"async\" class=\"aligncenter size-medium wp-image-9289\" src=\"https:\/\/blogs.correiobraziliense.com.br\/capital-sa\/wp-content\/uploads\/sites\/59\/2022\/08\/0B40C661-AE64-4C91-BA02-3493154BD80C-300x200.jpeg\" alt=\"\" width=\"300\" height=\"200\" srcset=\"https:\/\/blogs.correiobraziliense.com.br\/capital-sa\/wp-content\/uploads\/sites\/59\/2022\/08\/0B40C661-AE64-4C91-BA02-3493154BD80C-300x200.jpeg 300w, https:\/\/blogs.correiobraziliense.com.br\/capital-sa\/wp-content\/uploads\/sites\/59\/2022\/08\/0B40C661-AE64-4C91-BA02-3493154BD80C-768x512.jpeg 768w, https:\/\/blogs.correiobraziliense.com.br\/capital-sa\/wp-content\/uploads\/sites\/59\/2022\/08\/0B40C661-AE64-4C91-BA02-3493154BD80C.jpeg 1024w, https:\/\/blogs.correiobraziliense.com.br\/capital-sa\/wp-content\/uploads\/sites\/59\/2022\/08\/0B40C661-AE64-4C91-BA02-3493154BD80C-800x533.jpeg 800w, https:\/\/blogs.correiobraziliense.com.br\/capital-sa\/wp-content\/uploads\/sites\/59\/2022\/08\/0B40C661-AE64-4C91-BA02-3493154BD80C-550x366.jpeg 550w, https:\/\/blogs.correiobraziliense.com.br\/capital-sa\/wp-content\/uploads\/sites\/59\/2022\/08\/0B40C661-AE64-4C91-BA02-3493154BD80C-230x153.jpeg 230w\" sizes=\"auto, (max-width: 300px) 100vw, 300px\" \/><\/p>\n<p>Tamb\u00e9m estiveram presentes autoridades e dirigentes do Sebrae, como a diretora t\u00e9cnica Rose Rainha, e Valdir Oliveira, superintendente no DF.<\/p>\n<blockquote><p>&#8220;N\u00f3s fizemos um trabalho sobre a iconografia de Bras\u00edlia em 2013, na qual a gente incorporou n\u00e3o s\u00f3 a qualidade dos produtos do nosso artesanato, mas, principalmente, as marcas do DF, para apresentar Bras\u00edlia ao Brasil e ao mundo&#8221;, contou Valdir.<\/p><\/blockquote>\n<p><b>Gerar renda<\/b><\/p>\n<p>A exposi\u00e7\u00e3o gratuita, de curadoria de Renato Imbroisi, ocupa todas as galerias do t\u00e9rreo do CRAB. Tem como objetivo gerar renda para os artes\u00e3os por meio da venda de pe\u00e7as e divulgar o artesanato, tesouros naturais e comidas t\u00edpicas dos estados de Goi\u00e1s, Mato Grosso e Mato Grosso do Sul, al\u00e9m do Distrito Federal.<\/p>\n<p><img loading=\"lazy\" decoding=\"async\" class=\"aligncenter size-medium wp-image-9290\" src=\"https:\/\/blogs.correiobraziliense.com.br\/capital-sa\/wp-content\/uploads\/sites\/59\/2022\/08\/7D9F9CCF-0F5B-4A55-AE35-7B72B2E2F0A4-300x195.jpeg\" alt=\"\" width=\"300\" height=\"195\" srcset=\"https:\/\/blogs.correiobraziliense.com.br\/capital-sa\/wp-content\/uploads\/sites\/59\/2022\/08\/7D9F9CCF-0F5B-4A55-AE35-7B72B2E2F0A4-300x195.jpeg 300w, https:\/\/blogs.correiobraziliense.com.br\/capital-sa\/wp-content\/uploads\/sites\/59\/2022\/08\/7D9F9CCF-0F5B-4A55-AE35-7B72B2E2F0A4-550x358.jpeg 550w, https:\/\/blogs.correiobraziliense.com.br\/capital-sa\/wp-content\/uploads\/sites\/59\/2022\/08\/7D9F9CCF-0F5B-4A55-AE35-7B72B2E2F0A4-230x150.jpeg 230w, https:\/\/blogs.correiobraziliense.com.br\/capital-sa\/wp-content\/uploads\/sites\/59\/2022\/08\/7D9F9CCF-0F5B-4A55-AE35-7B72B2E2F0A4.jpeg 640w\" sizes=\"auto, (max-width: 300px) 100vw, 300px\" \/><\/p>\n<p>Morador de Samambaia, o\u00a0artes\u00e3o Ivan Siqueira, 53, tem pe\u00e7as de sua autoria na mostra.\u00a0A especialidade \u00e9 trabalhar com a madeira, criando artigos decorativos como porta-objetos, recipientes e fruteiras, sempre\u00a0reciclando\u00a0m\u00f3veis antigos.\u00a0&#8220;Comecei com marcenaria em 1984 e em 2013 tirei a carteira de artes\u00e3o&#8221;, conta.<\/p>\n<p><img loading=\"lazy\" decoding=\"async\" class=\"aligncenter size-medium wp-image-9291\" src=\"https:\/\/blogs.correiobraziliense.com.br\/capital-sa\/wp-content\/uploads\/sites\/59\/2022\/08\/9F8B2077-5431-487D-8708-D6A9E6232A92-300x216.jpeg\" alt=\"\" width=\"300\" height=\"216\" srcset=\"https:\/\/blogs.correiobraziliense.com.br\/capital-sa\/wp-content\/uploads\/sites\/59\/2022\/08\/9F8B2077-5431-487D-8708-D6A9E6232A92-300x216.jpeg 300w, https:\/\/blogs.correiobraziliense.com.br\/capital-sa\/wp-content\/uploads\/sites\/59\/2022\/08\/9F8B2077-5431-487D-8708-D6A9E6232A92-550x396.jpeg 550w, https:\/\/blogs.correiobraziliense.com.br\/capital-sa\/wp-content\/uploads\/sites\/59\/2022\/08\/9F8B2077-5431-487D-8708-D6A9E6232A92-230x166.jpeg 230w, https:\/\/blogs.correiobraziliense.com.br\/capital-sa\/wp-content\/uploads\/sites\/59\/2022\/08\/9F8B2077-5431-487D-8708-D6A9E6232A92.jpeg 587w\" sizes=\"auto, (max-width: 300px) 100vw, 300px\" \/><\/p>\n<p>J\u00e1 Bianca Barbosa, 29, domina a t\u00e9cnica de pintura em folhas de \u00e1rvores, que tem efeito como de um bordado. Os p\u00e1ssaros e os ip\u00eas est\u00e3o entre seus desenhos preferidos.<\/p>\n<p>&#8220;Comecei na pandemia, quando conheci a t\u00e9cnica, que se chama pintura de agulha realista, feita em folhas secas as quais eu coleto em parques e \u00e1reas de cerrado do Distrito Federal e de Corumb\u00e1&#8221;, revela a moradora de Arniqueiras.<\/p>\n<p>&#8220;A gente est\u00e1 conseguindo trazer para esta exposi\u00e7\u00e3o um material de muita qualidade. O artesanato \u00e9 a arte feita na m\u00e3o. Seu maior valor \u00e9 a criatividade&#8221;, finaliza Valdir Oliveira.<\/p>\n<\/div>\n<p><b>Abertas as inscri\u00e7\u00f5es para premia\u00e7\u00e3o<\/b><\/p>\n<p>O Sebrae no DF lan\u00e7ou o 2\u00ba Pr\u00eamio Bras\u00edlia de Artesanato.<br \/>\nAs inscri\u00e7\u00f5es podem ser feitas at\u00e9 26 de agosto. A premia\u00e7\u00e3o est\u00e1 prevista para ocorrer em 8 de dezembro.<br \/>\nO edital com todas as regras e informa\u00e7\u00f5es pode ser acessado em: www.premiobrasiliadeartesanato.com.br<\/p>\n<p>O pr\u00eamio se divide em quatro categorias: Mestre Artes\u00e3o, Artes\u00e3o, Artes\u00e3o contempor\u00e2neo e Artes\u00e3o iniciante. Al\u00e9m dos trof\u00e9us, o primeiro lugar receber\u00e1 o valor de R$ 10 mil, o segundo, R$ 6 mil e o terceiro, R$ 4 mil.<\/p>\n<p><img loading=\"lazy\" decoding=\"async\" class=\"aligncenter size-medium wp-image-9302\" src=\"https:\/\/blogs.correiobraziliense.com.br\/capital-sa\/wp-content\/uploads\/sites\/59\/2022\/08\/B02E604A-E5A2-48C9-ACF9-56CB4C4DAEB5-300x232.jpeg\" alt=\"\" width=\"300\" height=\"232\" srcset=\"https:\/\/blogs.correiobraziliense.com.br\/capital-sa\/wp-content\/uploads\/sites\/59\/2022\/08\/B02E604A-E5A2-48C9-ACF9-56CB4C4DAEB5-300x232.jpeg 300w, https:\/\/blogs.correiobraziliense.com.br\/capital-sa\/wp-content\/uploads\/sites\/59\/2022\/08\/B02E604A-E5A2-48C9-ACF9-56CB4C4DAEB5-550x424.jpeg 550w, https:\/\/blogs.correiobraziliense.com.br\/capital-sa\/wp-content\/uploads\/sites\/59\/2022\/08\/B02E604A-E5A2-48C9-ACF9-56CB4C4DAEB5-230x177.jpeg 230w, https:\/\/blogs.correiobraziliense.com.br\/capital-sa\/wp-content\/uploads\/sites\/59\/2022\/08\/B02E604A-E5A2-48C9-ACF9-56CB4C4DAEB5.jpeg 622w\" sizes=\"auto, (max-width: 300px) 100vw, 300px\" \/> <img loading=\"lazy\" decoding=\"async\" class=\"aligncenter size-medium wp-image-9303\" src=\"https:\/\/blogs.correiobraziliense.com.br\/capital-sa\/wp-content\/uploads\/sites\/59\/2022\/08\/6442AD62-AD9A-40A2-B182-3579FD5B6A66-300x200.jpeg\" alt=\"\" width=\"300\" height=\"200\" srcset=\"https:\/\/blogs.correiobraziliense.com.br\/capital-sa\/wp-content\/uploads\/sites\/59\/2022\/08\/6442AD62-AD9A-40A2-B182-3579FD5B6A66-300x200.jpeg 300w, https:\/\/blogs.correiobraziliense.com.br\/capital-sa\/wp-content\/uploads\/sites\/59\/2022\/08\/6442AD62-AD9A-40A2-B182-3579FD5B6A66-768x512.jpeg 768w, https:\/\/blogs.correiobraziliense.com.br\/capital-sa\/wp-content\/uploads\/sites\/59\/2022\/08\/6442AD62-AD9A-40A2-B182-3579FD5B6A66.jpeg 1024w, https:\/\/blogs.correiobraziliense.com.br\/capital-sa\/wp-content\/uploads\/sites\/59\/2022\/08\/6442AD62-AD9A-40A2-B182-3579FD5B6A66-800x533.jpeg 800w, https:\/\/blogs.correiobraziliense.com.br\/capital-sa\/wp-content\/uploads\/sites\/59\/2022\/08\/6442AD62-AD9A-40A2-B182-3579FD5B6A66-550x366.jpeg 550w, https:\/\/blogs.correiobraziliense.com.br\/capital-sa\/wp-content\/uploads\/sites\/59\/2022\/08\/6442AD62-AD9A-40A2-B182-3579FD5B6A66-230x153.jpeg 230w\" sizes=\"auto, (max-width: 300px) 100vw, 300px\" \/><\/p>\n","protected":false},"excerpt":{"rendered":"<p>Exposi\u00e7\u00e3o, realizada no Rio de Janeiro, d\u00e1 protagonismo a artes\u00e3os do Centro-Oeste. O Distrito Federal tem destaque com pe\u00e7as de 53 artistas brasilienses \u00a0 Por Samanta Sallum Uma galeria de ip\u00eas colore a passarela que conduz os visitantes da exposi\u00e7\u00e3o Casa do Brasil Central, no Rio de Janeiro. S\u00edmbolo do cerrado e marca \u00edcone da capital federal, eles, em forma [&hellip;]<\/p>\n","protected":false},"author":125,"featured_media":9294,"comment_status":"open","ping_status":"open","sticky":false,"template":"","format":"standard","meta":{"footnotes":""},"categories":[6],"tags":[1394,1396,1395,271,90,823],"class_list":["post-9278","post","type-post","status-publish","format-standard","has-post-thumbnail","hentry","category-coluna-capital-s-a","tag-artesanato","tag-artesao","tag-crab","tag-exposicao","tag-inscricoes","tag-premiacao"],"_links":{"self":[{"href":"https:\/\/blogs.correiobraziliense.com.br\/capital-sa\/wp-json\/wp\/v2\/posts\/9278","targetHints":{"allow":["GET"]}}],"collection":[{"href":"https:\/\/blogs.correiobraziliense.com.br\/capital-sa\/wp-json\/wp\/v2\/posts"}],"about":[{"href":"https:\/\/blogs.correiobraziliense.com.br\/capital-sa\/wp-json\/wp\/v2\/types\/post"}],"author":[{"embeddable":true,"href":"https:\/\/blogs.correiobraziliense.com.br\/capital-sa\/wp-json\/wp\/v2\/users\/125"}],"replies":[{"embeddable":true,"href":"https:\/\/blogs.correiobraziliense.com.br\/capital-sa\/wp-json\/wp\/v2\/comments?post=9278"}],"version-history":[{"count":13,"href":"https:\/\/blogs.correiobraziliense.com.br\/capital-sa\/wp-json\/wp\/v2\/posts\/9278\/revisions"}],"predecessor-version":[{"id":9320,"href":"https:\/\/blogs.correiobraziliense.com.br\/capital-sa\/wp-json\/wp\/v2\/posts\/9278\/revisions\/9320"}],"wp:featuredmedia":[{"embeddable":true,"href":"https:\/\/blogs.correiobraziliense.com.br\/capital-sa\/wp-json\/wp\/v2\/media\/9294"}],"wp:attachment":[{"href":"https:\/\/blogs.correiobraziliense.com.br\/capital-sa\/wp-json\/wp\/v2\/media?parent=9278"}],"wp:term":[{"taxonomy":"category","embeddable":true,"href":"https:\/\/blogs.correiobraziliense.com.br\/capital-sa\/wp-json\/wp\/v2\/categories?post=9278"},{"taxonomy":"post_tag","embeddable":true,"href":"https:\/\/blogs.correiobraziliense.com.br\/capital-sa\/wp-json\/wp\/v2\/tags?post=9278"}],"curies":[{"name":"wp","href":"https:\/\/api.w.org\/{rel}","templated":true}]}}