{"id":925,"date":"2020-12-08T08:47:51","date_gmt":"2020-12-08T11:47:51","guid":{"rendered":"https:\/\/blogs.correiobraziliense.com.br\/capital-sa\/?p=925"},"modified":"2020-12-08T08:48:46","modified_gmt":"2020-12-08T11:48:46","slug":"governadores-querem-menos-participacao-do-bb-pelo-fco","status":"publish","type":"post","link":"https:\/\/blogs.correiobraziliense.com.br\/capital-sa\/2020\/12\/08\/governadores-querem-menos-participacao-do-bb-pelo-fco\/","title":{"rendered":"Governadores querem menos participa\u00e7\u00e3o do BB pelo FCO"},"content":{"rendered":"<p>Os governadores do Centro-Oeste pressionam para que seja reduzida a remunera\u00e7\u00e3o do Banco do Brasil pelo Fundo Constitucional de Financiamento do Centro-Oeste (FCO).<\/p>\n<p>Eles reclamam que o banco, respons\u00e1vel pela aplica\u00e7\u00e3o dos recursos e atendimento dos interessados, fica com o equivalente a 20% do repasse anual do Or\u00e7amento da Uni\u00e3o para o fundo. O dinheiro \u00e9 retido como remunera\u00e7\u00e3o para gerenciar o risco das opera\u00e7\u00f5es.<\/p>\n<h3>Baixa inadimpl\u00eancia<\/h3>\n<p>No entanto, a inadimpl\u00eancia do fundo \u00e9 baix\u00edssima, cerca de 0,3%. Os governadores alegam que esse dinheiro faz falta tanto para o financiamento do empreendedorismo quanto no caixa dos governos.<\/p>\n<h3>Depende do Congresso<\/h3>\n<p>A quest\u00e3o n\u00e3o \u00e9 simples de se resolver e envolve mudan\u00e7as na lei que rege os fundos, ou seja, depende do Congresso Nacional.<\/p>\n<p>O assunto foi tema da reuni\u00e3o ontem no Conselho de Desenvolvimento do Centro-Oeste (Condel), da Sudeco, por videoconfer\u00eancia.<\/p>\n<h3>Reuni\u00e3o no DF<\/h3>\n<p>O DF foi representado pelo vice-governador, Paco Brito<em> (foto)<\/em>, que ofereceu o Distrito Federal para sediar a pr\u00f3xima reuni\u00e3o presencial com o ministro do Desenvolvimento Regional, Rog\u00e9rio Marinho. A agenda est\u00e1 prevista para a segunda quinzena de janeiro.<\/p>\n<p>&#8220;No caso dos fundos do Nordeste e da Amaz\u00f4nia, que s\u00e3o administrados pelo Banco do Nordeste e pelo Banco da Amaz\u00f4nia, respectivamente, o risco \u00e9 compartilhado com o governo federal e a remunera\u00e7\u00e3o cai pela metade. Aqui no Centro-Oeste, ser\u00e1 preciso alterar a legisla\u00e7\u00e3o\u201d, explicou Nelson Fraga, superintendente da Sudeco, durante a reuni\u00e3o.<\/p>\n<p>&nbsp;<\/p>\n","protected":false},"excerpt":{"rendered":"<p>Os governadores do Centro-Oeste pressionam para que seja reduzida a remunera\u00e7\u00e3o do Banco do Brasil pelo Fundo Constitucional de Financiamento do Centro-Oeste (FCO). Eles reclamam que o banco, respons\u00e1vel pela aplica\u00e7\u00e3o dos recursos e atendimento dos interessados, fica com o equivalente a 20% do repasse anual do Or\u00e7amento da Uni\u00e3o para o fundo. O dinheiro \u00e9 retido como remunera\u00e7\u00e3o para [&hellip;]<\/p>\n","protected":false},"author":125,"featured_media":926,"comment_status":"open","ping_status":"open","sticky":false,"template":"","format":"standard","meta":{"footnotes":""},"categories":[6],"tags":[253,252,254,251,73],"class_list":["post-925","post","type-post","status-publish","format-standard","has-post-thumbnail","hentry","category-coluna-capital-s-a","tag-bancodobrasil","tag-bb","tag-congressonacional","tag-governadores","tag-fco"],"_links":{"self":[{"href":"https:\/\/blogs.correiobraziliense.com.br\/capital-sa\/wp-json\/wp\/v2\/posts\/925","targetHints":{"allow":["GET"]}}],"collection":[{"href":"https:\/\/blogs.correiobraziliense.com.br\/capital-sa\/wp-json\/wp\/v2\/posts"}],"about":[{"href":"https:\/\/blogs.correiobraziliense.com.br\/capital-sa\/wp-json\/wp\/v2\/types\/post"}],"author":[{"embeddable":true,"href":"https:\/\/blogs.correiobraziliense.com.br\/capital-sa\/wp-json\/wp\/v2\/users\/125"}],"replies":[{"embeddable":true,"href":"https:\/\/blogs.correiobraziliense.com.br\/capital-sa\/wp-json\/wp\/v2\/comments?post=925"}],"version-history":[{"count":2,"href":"https:\/\/blogs.correiobraziliense.com.br\/capital-sa\/wp-json\/wp\/v2\/posts\/925\/revisions"}],"predecessor-version":[{"id":928,"href":"https:\/\/blogs.correiobraziliense.com.br\/capital-sa\/wp-json\/wp\/v2\/posts\/925\/revisions\/928"}],"wp:featuredmedia":[{"embeddable":true,"href":"https:\/\/blogs.correiobraziliense.com.br\/capital-sa\/wp-json\/wp\/v2\/media\/926"}],"wp:attachment":[{"href":"https:\/\/blogs.correiobraziliense.com.br\/capital-sa\/wp-json\/wp\/v2\/media?parent=925"}],"wp:term":[{"taxonomy":"category","embeddable":true,"href":"https:\/\/blogs.correiobraziliense.com.br\/capital-sa\/wp-json\/wp\/v2\/categories?post=925"},{"taxonomy":"post_tag","embeddable":true,"href":"https:\/\/blogs.correiobraziliense.com.br\/capital-sa\/wp-json\/wp\/v2\/tags?post=925"}],"curies":[{"name":"wp","href":"https:\/\/api.w.org\/{rel}","templated":true}]}}