{"id":9245,"date":"2022-08-11T11:36:04","date_gmt":"2022-08-11T14:36:04","guid":{"rendered":"https:\/\/blogs.correiobraziliense.com.br\/capital-sa\/?p=9245"},"modified":"2022-08-15T16:59:52","modified_gmt":"2022-08-15T19:59:52","slug":"inspiracao-no-farm-house","status":"publish","type":"post","link":"https:\/\/blogs.correiobraziliense.com.br\/capital-sa\/2022\/08\/11\/inspiracao-no-farm-house\/","title":{"rendered":"Inspira\u00e7\u00e3o no Farm House"},"content":{"rendered":"<p class=\"p1\">A S\u00f3 Reparos escolheu o escrit\u00f3rio que vai desenvolver o projeto do seu espa\u00e7o na CasaCor Bras\u00edlia. A mostra, prevista para iniciar em setembro, completa 30 anos em 2022 e ser\u00e1 realizada no Man\u00e9 Garrincha. Liderada por 3 s\u00f3cios, Mar\u00edlia Tur\u00edbio, Dimitri Lociks e Simone Tur\u00edbio, a Choque Design promete desenvolver um projeto intimista, no espa\u00e7o de 290m\u00b2 de \u00e1rea interna e externa adquirido pela S\u00f3 Reparos.<\/p>\n<p class=\"p1\">Seguindo o conceito Farm House, o projeto ter\u00e1 uma est\u00e9tica r\u00fastica inspirada no aconchego da vida no campo e na natureza. Segundo os arquitetos, os visitantes encontrar\u00e3o um local de puro acolhimento.<\/p>\n","protected":false},"excerpt":{"rendered":"<p>A S\u00f3 Reparos escolheu o escrit\u00f3rio que vai desenvolver o projeto do seu espa\u00e7o na CasaCor Bras\u00edlia. A mostra, prevista para iniciar em setembro, completa 30 anos em 2022 e ser\u00e1 realizada no Man\u00e9 Garrincha. Liderada por 3 s\u00f3cios, Mar\u00edlia Tur\u00edbio, Dimitri Lociks e Simone Tur\u00edbio, a Choque Design promete desenvolver um projeto intimista, no espa\u00e7o de 290m\u00b2 de \u00e1rea [&hellip;]<\/p>\n","protected":false},"author":125,"featured_media":9248,"comment_status":"open","ping_status":"open","sticky":false,"template":"","format":"standard","meta":{"footnotes":""},"categories":[6],"tags":[978,1388,1389],"class_list":["post-9245","post","type-post","status-publish","format-standard","has-post-thumbnail","hentry","category-coluna-capital-s-a","tag-casacor","tag-farmhouse","tag-soreparos"],"_links":{"self":[{"href":"https:\/\/blogs.correiobraziliense.com.br\/capital-sa\/wp-json\/wp\/v2\/posts\/9245","targetHints":{"allow":["GET"]}}],"collection":[{"href":"https:\/\/blogs.correiobraziliense.com.br\/capital-sa\/wp-json\/wp\/v2\/posts"}],"about":[{"href":"https:\/\/blogs.correiobraziliense.com.br\/capital-sa\/wp-json\/wp\/v2\/types\/post"}],"author":[{"embeddable":true,"href":"https:\/\/blogs.correiobraziliense.com.br\/capital-sa\/wp-json\/wp\/v2\/users\/125"}],"replies":[{"embeddable":true,"href":"https:\/\/blogs.correiobraziliense.com.br\/capital-sa\/wp-json\/wp\/v2\/comments?post=9245"}],"version-history":[{"count":4,"href":"https:\/\/blogs.correiobraziliense.com.br\/capital-sa\/wp-json\/wp\/v2\/posts\/9245\/revisions"}],"predecessor-version":[{"id":9312,"href":"https:\/\/blogs.correiobraziliense.com.br\/capital-sa\/wp-json\/wp\/v2\/posts\/9245\/revisions\/9312"}],"wp:featuredmedia":[{"embeddable":true,"href":"https:\/\/blogs.correiobraziliense.com.br\/capital-sa\/wp-json\/wp\/v2\/media\/9248"}],"wp:attachment":[{"href":"https:\/\/blogs.correiobraziliense.com.br\/capital-sa\/wp-json\/wp\/v2\/media?parent=9245"}],"wp:term":[{"taxonomy":"category","embeddable":true,"href":"https:\/\/blogs.correiobraziliense.com.br\/capital-sa\/wp-json\/wp\/v2\/categories?post=9245"},{"taxonomy":"post_tag","embeddable":true,"href":"https:\/\/blogs.correiobraziliense.com.br\/capital-sa\/wp-json\/wp\/v2\/tags?post=9245"}],"curies":[{"name":"wp","href":"https:\/\/api.w.org\/{rel}","templated":true}]}}