{"id":9227,"date":"2022-08-10T12:43:31","date_gmt":"2022-08-10T15:43:31","guid":{"rendered":"https:\/\/blogs.correiobraziliense.com.br\/capital-sa\/?p=9227"},"modified":"2022-08-10T16:48:39","modified_gmt":"2022-08-10T19:48:39","slug":"nao-compactuamos-com-cartel-garante-sindcombustiveis-do-df","status":"publish","type":"post","link":"https:\/\/blogs.correiobraziliense.com.br\/capital-sa\/2022\/08\/10\/nao-compactuamos-com-cartel-garante-sindcombustiveis-do-df\/","title":{"rendered":"\u201cN\u00e3o compactuamos com cartel\u201d, garante Sindicombust\u00edveis do DF"},"content":{"rendered":"<p class=\"p1\">Por Samanta Sallum<\/p>\n<p class=\"p1\"><span class=\"s1\">O Sindicato dos Postos de Combust\u00edveis do Distrito Federal se manifestou sobre a opera\u00e7\u00e3o de fiscaliza\u00e7\u00e3o por suspeita de cartel em 30 estabelecimentos em Bras\u00edlia e no Entorno. A entidade afirma apoiar a a\u00e7\u00e3o e que, se houver cartel de qualquer grupo, \u201cdeve ser punido\u201d. Mas aponta que os pre\u00e7os est\u00e3o diversificados.<\/span><\/p>\n<p class=\"p1\"><span class=\"s1\">\u201cOs pre\u00e7os est\u00e3o muito variados hoje por microrregi\u00e3o. Mas com margens cada dia menores. Se houver cartel de qualquer grupo, deve ser punido. Nosso sindicato n\u00e3o compactua com isso. Somos a favor do livre mercado, e n\u00f3s somos a ponta do setor e os mais competitivos, os que mais empregam, os que mais t\u00eam custos operacionais e os mais fiscalizados (Ibram, ANP, Procon, DF Legal, Receita e agora MJ)\u201d, disse o presidente do Sindicombust\u00edveis do DF, Paulo Tavares. <\/span><\/p>\n<p class=\"p1\"><span class=\"s1\">Segundo ele, a fiscaliza\u00e7\u00e3o tem um foco maior. \u201cSomos sempre a favor, mas creio que a inten\u00e7\u00e3o maior \u00e9 verificar se os pre\u00e7os realmente ca\u00edram, como o governo federal queria, e se as placas dos decretos em que comunicam os valores est\u00e3o nos estabelecimentos\u201d, explica.<\/span><\/p>\n<p><b>Adultera\u00e7\u00e3o<\/b><\/p>\n<p>Para o Sindicombust\u00edveis, o mais importante \u00e9 fiscalizar a qualidade do produto. \u201cDe toda forma, \u00e9 sempre importante a fiscaliza\u00e7\u00e3o, para verificar principalmente n\u00e3o os pre\u00e7os, mas poss\u00edveis adultera\u00e7\u00f5es nas bombas ou produtos\u201d, refor\u00e7ou Tavares.<\/p>\n<p class=\"p1\"><span class=\"s1\">A opera\u00e7\u00e3o Petr\u00f3leo Real \u00e9<\/span>\u00a0coordenada pelo Minist\u00e9rio da Justi\u00e7a e Seguran\u00e7a P\u00fablica (MJSP). Trinta postos de combust\u00edveis foram alvos na manh\u00e3 desta quarta-feira (10\/8).<\/p>\n","protected":false},"excerpt":{"rendered":"<p>Por Samanta Sallum O Sindicato dos Postos de Combust\u00edveis do Distrito Federal se manifestou sobre a opera\u00e7\u00e3o de fiscaliza\u00e7\u00e3o por suspeita de cartel em 30 estabelecimentos em Bras\u00edlia e no Entorno. A entidade afirma apoiar a a\u00e7\u00e3o e que, se houver cartel de qualquer grupo, \u201cdeve ser punido\u201d. Mas aponta que os pre\u00e7os est\u00e3o diversificados. \u201cOs pre\u00e7os est\u00e3o muito variados [&hellip;]<\/p>\n","protected":false},"author":125,"featured_media":9230,"comment_status":"open","ping_status":"open","sticky":false,"template":"","format":"standard","meta":{"footnotes":""},"categories":[6],"tags":[1381,505,202,1183,942],"class_list":["post-9227","post","type-post","status-publish","format-standard","has-post-thumbnail","hentry","category-coluna-capital-s-a","tag-cartel","tag-combustiveis","tag-fiscalizacao","tag-postos","tag-sindicombustiveis"],"_links":{"self":[{"href":"https:\/\/blogs.correiobraziliense.com.br\/capital-sa\/wp-json\/wp\/v2\/posts\/9227","targetHints":{"allow":["GET"]}}],"collection":[{"href":"https:\/\/blogs.correiobraziliense.com.br\/capital-sa\/wp-json\/wp\/v2\/posts"}],"about":[{"href":"https:\/\/blogs.correiobraziliense.com.br\/capital-sa\/wp-json\/wp\/v2\/types\/post"}],"author":[{"embeddable":true,"href":"https:\/\/blogs.correiobraziliense.com.br\/capital-sa\/wp-json\/wp\/v2\/users\/125"}],"replies":[{"embeddable":true,"href":"https:\/\/blogs.correiobraziliense.com.br\/capital-sa\/wp-json\/wp\/v2\/comments?post=9227"}],"version-history":[{"count":7,"href":"https:\/\/blogs.correiobraziliense.com.br\/capital-sa\/wp-json\/wp\/v2\/posts\/9227\/revisions"}],"predecessor-version":[{"id":9236,"href":"https:\/\/blogs.correiobraziliense.com.br\/capital-sa\/wp-json\/wp\/v2\/posts\/9227\/revisions\/9236"}],"wp:featuredmedia":[{"embeddable":true,"href":"https:\/\/blogs.correiobraziliense.com.br\/capital-sa\/wp-json\/wp\/v2\/media\/9230"}],"wp:attachment":[{"href":"https:\/\/blogs.correiobraziliense.com.br\/capital-sa\/wp-json\/wp\/v2\/media?parent=9227"}],"wp:term":[{"taxonomy":"category","embeddable":true,"href":"https:\/\/blogs.correiobraziliense.com.br\/capital-sa\/wp-json\/wp\/v2\/categories?post=9227"},{"taxonomy":"post_tag","embeddable":true,"href":"https:\/\/blogs.correiobraziliense.com.br\/capital-sa\/wp-json\/wp\/v2\/tags?post=9227"}],"curies":[{"name":"wp","href":"https:\/\/api.w.org\/{rel}","templated":true}]}}