{"id":9178,"date":"2022-08-08T16:42:58","date_gmt":"2022-08-08T19:42:58","guid":{"rendered":"https:\/\/blogs.correiobraziliense.com.br\/capital-sa\/?p=9178"},"modified":"2022-08-08T17:47:55","modified_gmt":"2022-08-08T20:47:55","slug":"app-lanca-mapa-que-indica-em-tempo-real-zonas-de-perigo-para-mulheres","status":"publish","type":"post","link":"https:\/\/blogs.correiobraziliense.com.br\/capital-sa\/2022\/08\/08\/app-lanca-mapa-que-indica-em-tempo-real-zonas-de-perigo-para-mulheres\/","title":{"rendered":"App lan\u00e7a mapa que indica em tempo real zonas de perigo para mulheres"},"content":{"rendered":"<p class=\"p1\">Por Samanta Sallum<\/p>\n<p class=\"p1\"><span class=\"s1\">O aplicativo Mulheres Positivas passa a oferecer uma ferramenta poderosa para o p\u00fablico feminino. Por meio da funcionalidade \u201cCaminho Delas\u201d, as usu\u00e1rias da plataforma poder\u00e3o reportar situa\u00e7\u00f5es de viol\u00eancia vivenciadas ou presenciadas em seus deslocamentos para auxiliar outras mulheres em suas rotas di\u00e1rias para o trabalho ou para a casa.<\/span><\/p>\n<p class=\"p1\"><span class=\"s1\"><b>Empresas engajadas<\/b><\/span><\/p>\n<p class=\"p1\"><span class=\"s1\">Criado pela empreendedora Fabi Saad, o movimento Mulheres Positivas oferece vagas em grandes empresas em uma a\u00e7\u00e3o, liderada pela TIM, que mobiliza mais de 100 companhias no pa\u00eds.<\/span><\/p>\n<p><img loading=\"lazy\" decoding=\"async\" class=\"aligncenter size-medium wp-image-9182\" src=\"https:\/\/blogs.correiobraziliense.com.br\/capital-sa\/wp-content\/uploads\/sites\/59\/2022\/08\/06E45E16-24F9-46CE-B957-1C2977EEBB24-300x300.jpeg\" alt=\"\" width=\"300\" height=\"300\" srcset=\"https:\/\/blogs.correiobraziliense.com.br\/capital-sa\/wp-content\/uploads\/sites\/59\/2022\/08\/06E45E16-24F9-46CE-B957-1C2977EEBB24-300x300.jpeg 300w, https:\/\/blogs.correiobraziliense.com.br\/capital-sa\/wp-content\/uploads\/sites\/59\/2022\/08\/06E45E16-24F9-46CE-B957-1C2977EEBB24-150x150.jpeg 150w, https:\/\/blogs.correiobraziliense.com.br\/capital-sa\/wp-content\/uploads\/sites\/59\/2022\/08\/06E45E16-24F9-46CE-B957-1C2977EEBB24-230x230.jpeg 230w, https:\/\/blogs.correiobraziliense.com.br\/capital-sa\/wp-content\/uploads\/sites\/59\/2022\/08\/06E45E16-24F9-46CE-B957-1C2977EEBB24.jpeg 399w\" sizes=\"auto, (max-width: 300px) 100vw, 300px\" \/><\/p>\n<p>Desenvolvida pela ag\u00eancia BETC Havas, a nova ferramenta atuar\u00e1 como um mapa colaborativo unindo dados compartilhados a partir de geolocaliza\u00e7\u00e3o sobre banco de dados com estat\u00edsticas combinadas \u00e0 intelig\u00eancia artificial para indicar regi\u00f5es com maior incid\u00eancia de casos de viol\u00eancia contra a mulher.<\/p>\n<p>Para criar o Caminho Delas, foi firmada parceria com a startup italiana Wher. O projeto reproduz no Brasil e na Am\u00e9rica Latina o modelo j\u00e1 implementado na Europa, em pa\u00edses como It\u00e1lia, Fran\u00e7a e Reino Unido.<\/p>\n","protected":false},"excerpt":{"rendered":"<p>Por Samanta Sallum O aplicativo Mulheres Positivas passa a oferecer uma ferramenta poderosa para o p\u00fablico feminino. Por meio da funcionalidade \u201cCaminho Delas\u201d, as usu\u00e1rias da plataforma poder\u00e3o reportar situa\u00e7\u00f5es de viol\u00eancia vivenciadas ou presenciadas em seus deslocamentos para auxiliar outras mulheres em suas rotas di\u00e1rias para o trabalho ou para a casa. Empresas engajadas Criado pela empreendedora Fabi Saad, [&hellip;]<\/p>\n","protected":false},"author":125,"featured_media":9181,"comment_status":"open","ping_status":"open","sticky":false,"template":"","format":"standard","meta":{"footnotes":""},"categories":[6],"tags":[348,1375,1376,103,1378,1377],"class_list":["post-9178","post","type-post","status-publish","format-standard","has-post-thumbnail","hentry","category-coluna-capital-s-a","tag-aplicativo","tag-app","tag-caminhodelas","tag-mulheres","tag-mulherespositivas","tag-wher"],"_links":{"self":[{"href":"https:\/\/blogs.correiobraziliense.com.br\/capital-sa\/wp-json\/wp\/v2\/posts\/9178","targetHints":{"allow":["GET"]}}],"collection":[{"href":"https:\/\/blogs.correiobraziliense.com.br\/capital-sa\/wp-json\/wp\/v2\/posts"}],"about":[{"href":"https:\/\/blogs.correiobraziliense.com.br\/capital-sa\/wp-json\/wp\/v2\/types\/post"}],"author":[{"embeddable":true,"href":"https:\/\/blogs.correiobraziliense.com.br\/capital-sa\/wp-json\/wp\/v2\/users\/125"}],"replies":[{"embeddable":true,"href":"https:\/\/blogs.correiobraziliense.com.br\/capital-sa\/wp-json\/wp\/v2\/comments?post=9178"}],"version-history":[{"count":8,"href":"https:\/\/blogs.correiobraziliense.com.br\/capital-sa\/wp-json\/wp\/v2\/posts\/9178\/revisions"}],"predecessor-version":[{"id":9190,"href":"https:\/\/blogs.correiobraziliense.com.br\/capital-sa\/wp-json\/wp\/v2\/posts\/9178\/revisions\/9190"}],"wp:featuredmedia":[{"embeddable":true,"href":"https:\/\/blogs.correiobraziliense.com.br\/capital-sa\/wp-json\/wp\/v2\/media\/9181"}],"wp:attachment":[{"href":"https:\/\/blogs.correiobraziliense.com.br\/capital-sa\/wp-json\/wp\/v2\/media?parent=9178"}],"wp:term":[{"taxonomy":"category","embeddable":true,"href":"https:\/\/blogs.correiobraziliense.com.br\/capital-sa\/wp-json\/wp\/v2\/categories?post=9178"},{"taxonomy":"post_tag","embeddable":true,"href":"https:\/\/blogs.correiobraziliense.com.br\/capital-sa\/wp-json\/wp\/v2\/tags?post=9178"}],"curies":[{"name":"wp","href":"https:\/\/api.w.org\/{rel}","templated":true}]}}