{"id":9171,"date":"2022-08-08T13:55:32","date_gmt":"2022-08-08T16:55:32","guid":{"rendered":"https:\/\/blogs.correiobraziliense.com.br\/capital-sa\/?p=9171"},"modified":"2022-08-08T17:41:32","modified_gmt":"2022-08-08T20:41:32","slug":"parceria-entre-sindiatacadista-e-embaixada-da-argentina","status":"publish","type":"post","link":"https:\/\/blogs.correiobraziliense.com.br\/capital-sa\/2022\/08\/08\/parceria-entre-sindiatacadista-e-embaixada-da-argentina\/","title":{"rendered":"Parceria entre o SindiAtacadista e a Embaixada da Argentina"},"content":{"rendered":"<p class=\"p1\">Por Samanta Sallum<\/p>\n<p class=\"p1\"><span class=\"s1\">Foi realizado, na sexta-feira passada, evento do Sindicato do Com\u00e9rcio Atacadista do DF em parceria com a Embaixada da Argentina para fomentar novos neg\u00f3cios. O evento contou com a presen\u00e7a de mais de 30 empresas de Bras\u00edlia e representantes argentinos. O encontro teve o objetivo de promover o interc\u00e2mbio comercial entre os pa\u00edses, com o apoio e a media\u00e7\u00e3o do sindicato. O presidente da entidade, \u00c1lvaro Silveira Jr, foi o anfitri\u00e3o.<\/span><\/p>\n<p class=\"p1\"><span class=\"s2\"><b>Rodada\u00a0de neg\u00f3cios<\/b><\/span><\/p>\n<p class=\"p1\"><span class=\"s1\">\u00a0<\/span>Foram apresentados\u00a0os portf\u00f3lios de diversos produtos do segundo maior pa\u00eds da Am\u00e9rica do Sul, como azeite, azeitonas, peixes, vinhos, frutas secas, farinhas, entre outros.<\/p>\n<p class=\"p1\"><span class=\"s1\">Segundo o presidente do Sindiatacadista\/DF, \u00c1lvaro Silveira J\u00fanior, a reuni\u00e3o foi de grande import\u00e2ncia.<\/span><span class=\"s1\">\u00a0\u201cAo construirmos rela\u00e7\u00f5es com outros pa\u00edses, permitimos a expans\u00e3o do com\u00e9rcio brasiliense\u201d, refor\u00e7a.<\/span><\/p>\n<p class=\"p1\"><span class=\"s2\"><b>Feira de produtos\u00a0<\/b><\/span><\/p>\n<p class=\"p1\"><span class=\"s1\">O encontro antecede a Feira de Neg\u00f3cios, a ser realizada na Embaixada da Argentina, em Bras\u00edlia, em 1o de setembro. J\u00e1 h\u00e1 confirma\u00e7\u00e3o de 38 empresas argentinas para o evento.<\/span><\/p>\n<p><img loading=\"lazy\" decoding=\"async\" class=\"aligncenter size-medium wp-image-9175\" src=\"https:\/\/blogs.correiobraziliense.com.br\/capital-sa\/wp-content\/uploads\/sites\/59\/2022\/08\/3E615344-15E7-4317-87AA-2E23CC230560-300x200.jpeg\" alt=\"\" width=\"300\" height=\"200\" srcset=\"https:\/\/blogs.correiobraziliense.com.br\/capital-sa\/wp-content\/uploads\/sites\/59\/2022\/08\/3E615344-15E7-4317-87AA-2E23CC230560-300x200.jpeg 300w, https:\/\/blogs.correiobraziliense.com.br\/capital-sa\/wp-content\/uploads\/sites\/59\/2022\/08\/3E615344-15E7-4317-87AA-2E23CC230560-768x512.jpeg 768w, https:\/\/blogs.correiobraziliense.com.br\/capital-sa\/wp-content\/uploads\/sites\/59\/2022\/08\/3E615344-15E7-4317-87AA-2E23CC230560.jpeg 1024w, https:\/\/blogs.correiobraziliense.com.br\/capital-sa\/wp-content\/uploads\/sites\/59\/2022\/08\/3E615344-15E7-4317-87AA-2E23CC230560-800x533.jpeg 800w, https:\/\/blogs.correiobraziliense.com.br\/capital-sa\/wp-content\/uploads\/sites\/59\/2022\/08\/3E615344-15E7-4317-87AA-2E23CC230560-550x366.jpeg 550w, https:\/\/blogs.correiobraziliense.com.br\/capital-sa\/wp-content\/uploads\/sites\/59\/2022\/08\/3E615344-15E7-4317-87AA-2E23CC230560-230x153.jpeg 230w\" sizes=\"auto, (max-width: 300px) 100vw, 300px\" \/><\/p>\n<p class=\"p1\"><span class=\"s1\"> \u201cAp\u00f3s v\u00e1rios anos, a Argentina volta a realizar uma miss\u00e3o comercial ao Centro-Oeste. Gra\u00e7as ao novo voo direto entre Bras\u00edlia e Buenos Aires, o com\u00e9rcio com essa regi\u00e3o do Brasil aumentar\u00e1 exponencialmente\u201d, disse o ministro Rodrigo Bardoneschi, chefe da se\u00e7\u00e3o Econ\u00f4mica e Comercial da Embaixada da Argentina. Al\u00e9m dele, estiveram presentes a Conselheira Mar\u00eda Emilia Cort\u00e9s, da Se\u00e7\u00e3o Comercial da Embaixada; e Agda Carvalho S.S. Martins, Analista de Estudos de Mercado da Se\u00e7\u00e3o Comercial da Embaixada. <\/span><\/p>\n","protected":false},"excerpt":{"rendered":"<p>Por Samanta Sallum Foi realizado, na sexta-feira passada, evento do Sindicato do Com\u00e9rcio Atacadista do DF em parceria com a Embaixada da Argentina para fomentar novos neg\u00f3cios. O evento contou com a presen\u00e7a de mais de 30 empresas de Bras\u00edlia e representantes argentinos. O encontro teve o objetivo de promover o interc\u00e2mbio comercial entre os pa\u00edses, com o apoio e [&hellip;]<\/p>\n","protected":false},"author":125,"featured_media":9174,"comment_status":"open","ping_status":"open","sticky":false,"template":"","format":"standard","meta":{"footnotes":""},"categories":[6],"tags":[799,919,1374,1373,517,1231,560,10],"class_list":["post-9171","post","type-post","status-publish","format-standard","has-post-thumbnail","hentry","category-coluna-capital-s-a","tag-argentina","tag-brasil","tag-embaixadadaargentina","tag-feiradenegocios","tag-negocios","tag-portfolio","tag-sindiatacadista","tag-comercio"],"_links":{"self":[{"href":"https:\/\/blogs.correiobraziliense.com.br\/capital-sa\/wp-json\/wp\/v2\/posts\/9171","targetHints":{"allow":["GET"]}}],"collection":[{"href":"https:\/\/blogs.correiobraziliense.com.br\/capital-sa\/wp-json\/wp\/v2\/posts"}],"about":[{"href":"https:\/\/blogs.correiobraziliense.com.br\/capital-sa\/wp-json\/wp\/v2\/types\/post"}],"author":[{"embeddable":true,"href":"https:\/\/blogs.correiobraziliense.com.br\/capital-sa\/wp-json\/wp\/v2\/users\/125"}],"replies":[{"embeddable":true,"href":"https:\/\/blogs.correiobraziliense.com.br\/capital-sa\/wp-json\/wp\/v2\/comments?post=9171"}],"version-history":[{"count":6,"href":"https:\/\/blogs.correiobraziliense.com.br\/capital-sa\/wp-json\/wp\/v2\/posts\/9171\/revisions"}],"predecessor-version":[{"id":9188,"href":"https:\/\/blogs.correiobraziliense.com.br\/capital-sa\/wp-json\/wp\/v2\/posts\/9171\/revisions\/9188"}],"wp:featuredmedia":[{"embeddable":true,"href":"https:\/\/blogs.correiobraziliense.com.br\/capital-sa\/wp-json\/wp\/v2\/media\/9174"}],"wp:attachment":[{"href":"https:\/\/blogs.correiobraziliense.com.br\/capital-sa\/wp-json\/wp\/v2\/media?parent=9171"}],"wp:term":[{"taxonomy":"category","embeddable":true,"href":"https:\/\/blogs.correiobraziliense.com.br\/capital-sa\/wp-json\/wp\/v2\/categories?post=9171"},{"taxonomy":"post_tag","embeddable":true,"href":"https:\/\/blogs.correiobraziliense.com.br\/capital-sa\/wp-json\/wp\/v2\/tags?post=9171"}],"curies":[{"name":"wp","href":"https:\/\/api.w.org\/{rel}","templated":true}]}}