{"id":9131,"date":"2022-08-04T11:11:39","date_gmt":"2022-08-04T14:11:39","guid":{"rendered":"https:\/\/blogs.correiobraziliense.com.br\/capital-sa\/?p=9131"},"modified":"2022-08-04T13:40:29","modified_gmt":"2022-08-04T16:40:29","slug":"boticario-e-eudora-se-unem-em-acao-de-arte-digital","status":"publish","type":"post","link":"https:\/\/blogs.correiobraziliense.com.br\/capital-sa\/2022\/08\/04\/boticario-e-eudora-se-unem-em-acao-de-arte-digital\/","title":{"rendered":"Botic\u00e1rio e Eudora se unem em a\u00e7\u00e3o de arte digital"},"content":{"rendered":"<p class=\"p1\">Por Samanta Sallum<\/p>\n<p class=\"p1\"><span class=\"s1\">Em projeto in\u00e9dito, o Botic\u00e1rio se uniu \u00e0 Eudora para lan\u00e7ar uma campanha focada nos chamados Tokens N\u00e3o Fung\u00edveis (NFTs). A a\u00e7\u00e3o torna as marcas as primeiras do segmento de beleza brasileiro a eternizar os consumidores em uma obra de arte digital.<br \/>\n<\/span><\/p>\n<p class=\"p1\"><span class=\"s1\">O projeto fez parte da comemora\u00e7\u00e3o do Dia do Batom, celebrado em 29 de julho, e que revelou Sabrina Sato como a &#8220;boca \u00fanica&#8221; de Eudora e a primeira a ser eternizada e j\u00e1 transformada em NFT. <\/span><\/p>\n<p class=\"p1\"><span class=\"s1\"><b>Furar a bolha<\/b><\/span><\/p>\n<p class=\"p1\"><span class=\"s1\">&#8220;Esse foi mais um passo importante de duas marcas que t\u00eam a inova\u00e7\u00e3o em seu DNA e querem furar a bolha, estar onde as tend\u00eancias est\u00e3o e usar a tecnologia para quebrar barreiras e ir sempre al\u00e9m&#8221;, afirma Renata Gomide, Diretora de Marketing do Grupo Botic\u00e1rio. <\/span><\/p>\n<p class=\"p1\"><span class=\"s1\"><b>Leil\u00e3o <\/b><\/span><\/p>\n<p class=\"p1\"><span class=\"s1\">NFTs &#8220;Cole\u00e7\u00e3o Boca \u00danica&#8221; continuam dispon\u00edveis para os brasilienses em leil\u00e3o at\u00e9 amanh\u00e3. Ainda \u00e9 poss\u00edvel acessar a plataforma nft.diadobatom.com.br e dar lances no pacote NFT Platinum, que inclui viagem para conhecer a f\u00e1brica, cria\u00e7\u00e3o de batom personalizado, entre outras experi\u00eancias.\u00a0<\/span><\/p>\n","protected":false},"excerpt":{"rendered":"<p>Por Samanta Sallum Em projeto in\u00e9dito, o Botic\u00e1rio se uniu \u00e0 Eudora para lan\u00e7ar uma campanha focada nos chamados Tokens N\u00e3o Fung\u00edveis (NFTs). A a\u00e7\u00e3o torna as marcas as primeiras do segmento de beleza brasileiro a eternizar os consumidores em uma obra de arte digital. O projeto fez parte da comemora\u00e7\u00e3o do Dia do Batom, celebrado em 29 de julho, [&hellip;]<\/p>\n","protected":false},"author":125,"featured_media":9136,"comment_status":"open","ping_status":"open","sticky":false,"template":"","format":"standard","meta":{"footnotes":""},"categories":[6],"tags":[1234,1359,1364,1360,1362,1361,1363],"class_list":["post-9131","post","type-post","status-publish","format-standard","has-post-thumbnail","hentry","category-coluna-capital-s-a","tag-beleza","tag-boticario","tag-diadobatom","tag-eudora","tag-marketing","tag-nfts","tag-sabrinasato"],"_links":{"self":[{"href":"https:\/\/blogs.correiobraziliense.com.br\/capital-sa\/wp-json\/wp\/v2\/posts\/9131","targetHints":{"allow":["GET"]}}],"collection":[{"href":"https:\/\/blogs.correiobraziliense.com.br\/capital-sa\/wp-json\/wp\/v2\/posts"}],"about":[{"href":"https:\/\/blogs.correiobraziliense.com.br\/capital-sa\/wp-json\/wp\/v2\/types\/post"}],"author":[{"embeddable":true,"href":"https:\/\/blogs.correiobraziliense.com.br\/capital-sa\/wp-json\/wp\/v2\/users\/125"}],"replies":[{"embeddable":true,"href":"https:\/\/blogs.correiobraziliense.com.br\/capital-sa\/wp-json\/wp\/v2\/comments?post=9131"}],"version-history":[{"count":6,"href":"https:\/\/blogs.correiobraziliense.com.br\/capital-sa\/wp-json\/wp\/v2\/posts\/9131\/revisions"}],"predecessor-version":[{"id":9138,"href":"https:\/\/blogs.correiobraziliense.com.br\/capital-sa\/wp-json\/wp\/v2\/posts\/9131\/revisions\/9138"}],"wp:featuredmedia":[{"embeddable":true,"href":"https:\/\/blogs.correiobraziliense.com.br\/capital-sa\/wp-json\/wp\/v2\/media\/9136"}],"wp:attachment":[{"href":"https:\/\/blogs.correiobraziliense.com.br\/capital-sa\/wp-json\/wp\/v2\/media?parent=9131"}],"wp:term":[{"taxonomy":"category","embeddable":true,"href":"https:\/\/blogs.correiobraziliense.com.br\/capital-sa\/wp-json\/wp\/v2\/categories?post=9131"},{"taxonomy":"post_tag","embeddable":true,"href":"https:\/\/blogs.correiobraziliense.com.br\/capital-sa\/wp-json\/wp\/v2\/tags?post=9131"}],"curies":[{"name":"wp","href":"https:\/\/api.w.org\/{rel}","templated":true}]}}