{"id":907,"date":"2020-12-06T15:36:58","date_gmt":"2020-12-06T18:36:58","guid":{"rendered":"https:\/\/blogs.correiobraziliense.com.br\/capital-sa\/?p=907"},"modified":"2020-12-06T15:50:32","modified_gmt":"2020-12-06T18:50:32","slug":"carreata-natalina-entrega-doacoes-a-comunidades-carentes","status":"publish","type":"post","link":"https:\/\/blogs.correiobraziliense.com.br\/capital-sa\/2020\/12\/06\/carreata-natalina-entrega-doacoes-a-comunidades-carentes\/","title":{"rendered":"Carreata natalina entrega doa\u00e7\u00f5es a comunidades carentes"},"content":{"rendered":"<p class=\"p1\"><img loading=\"lazy\" decoding=\"async\" class=\"aligncenter size-medium wp-image-909\" src=\"https:\/\/blogs.correiobraziliense.com.br\/capital-sa\/wp-content\/uploads\/sites\/59\/2020\/12\/ADEAE98B-211F-4066-A65F-2296573BB8AB-300x200.jpeg\" alt=\"\" width=\"300\" height=\"200\" srcset=\"https:\/\/blogs.correiobraziliense.com.br\/capital-sa\/wp-content\/uploads\/sites\/59\/2020\/12\/ADEAE98B-211F-4066-A65F-2296573BB8AB-300x200.jpeg 300w, https:\/\/blogs.correiobraziliense.com.br\/capital-sa\/wp-content\/uploads\/sites\/59\/2020\/12\/ADEAE98B-211F-4066-A65F-2296573BB8AB-768x512.jpeg 768w, https:\/\/blogs.correiobraziliense.com.br\/capital-sa\/wp-content\/uploads\/sites\/59\/2020\/12\/ADEAE98B-211F-4066-A65F-2296573BB8AB.jpeg 1024w, https:\/\/blogs.correiobraziliense.com.br\/capital-sa\/wp-content\/uploads\/sites\/59\/2020\/12\/ADEAE98B-211F-4066-A65F-2296573BB8AB-800x533.jpeg 800w, https:\/\/blogs.correiobraziliense.com.br\/capital-sa\/wp-content\/uploads\/sites\/59\/2020\/12\/ADEAE98B-211F-4066-A65F-2296573BB8AB-550x366.jpeg 550w, https:\/\/blogs.correiobraziliense.com.br\/capital-sa\/wp-content\/uploads\/sites\/59\/2020\/12\/ADEAE98B-211F-4066-A65F-2296573BB8AB-230x153.jpeg 230w\" sizes=\"auto, (max-width: 300px) 100vw, 300px\" \/><br \/>\nDeixando um rastro de solidariedade,\u00a0 a carreata do Natal Sempre Monumental alegrou o s\u00e1bado de muitos brasilienses.<\/p>\n<p class=\"p1\"><span class=\"s1\">A abertura do projeto, uma iniciativa do Sistema Fecom\u00e9rcio no DF, contou com a participa\u00e7\u00e3o de mais de 100 motociclistas. Eles passaram pela Asa Sul, Esplanada dos Minist\u00e9rios e no Setor de Clubes Norte, onde o comboio entregou doa\u00e7\u00f5es na Associa\u00e7\u00e3o Pestalozzi de Bras\u00edlia, institui\u00e7\u00e3o credenciada ao Mesa Brasil Sesc. <\/span><\/p>\n<p class=\"p1\"><span class=\"s1\">No final da tarde, a carreata visitou a Estrutural com a entrega de 850 marmitas. <\/span><\/p>\n<p class=\"p1\"><span class=\"s1\">A carreata vai passar por 12 regi\u00f5es administrativas, distribuindo gratuitamente marmitas especiais com card\u00e1pio natalino at\u00e9 o dia 16 de dezembro<\/span><\/p>\n<p class=\"p1\"><span class=\"s1\">O passeio teve apoio\u00a0da PM e foi liderado por Vans e Caminh\u00f5es do Sesc-DF,<span class=\"Apple-converted-space\">\u00a0 <\/span>iluminados e com sonoriza\u00e7\u00e3o natalina, para chamar a aten\u00e7\u00e3o da comunidade para o Natal. <\/span><\/p>\n<p class=\"p1\"><span class=\"s1\">Combate ao Covid &#8211; 19<\/span><\/p>\n<p class=\"p1\"><span class=\"s1\">O vice-governador do Distrito Federal, Paco Britto, agradeceu ao Sesc pela iniciativa. em prol das pessoas em vulnerabilidade social. \u201cO projeto \u00e9 um presente que vai atender a muitas comunidades. Agrade\u00e7o principalmente o trabalho realizado o que diz respeito ao combate ao covid, com doa\u00e7\u00f5es de m\u00e1scaras e exames r\u00e1pidos\u201d, destacou.<\/span><\/p>\n<p><img loading=\"lazy\" decoding=\"async\" class=\"aligncenter size-medium wp-image-912\" src=\"https:\/\/blogs.correiobraziliense.com.br\/capital-sa\/wp-content\/uploads\/sites\/59\/2020\/12\/14C8BAD9-3E01-4140-8D7F-57FD0E412EDE-300x200.jpeg\" alt=\"\" width=\"300\" height=\"200\" srcset=\"https:\/\/blogs.correiobraziliense.com.br\/capital-sa\/wp-content\/uploads\/sites\/59\/2020\/12\/14C8BAD9-3E01-4140-8D7F-57FD0E412EDE-300x200.jpeg 300w, https:\/\/blogs.correiobraziliense.com.br\/capital-sa\/wp-content\/uploads\/sites\/59\/2020\/12\/14C8BAD9-3E01-4140-8D7F-57FD0E412EDE-768x512.jpeg 768w, https:\/\/blogs.correiobraziliense.com.br\/capital-sa\/wp-content\/uploads\/sites\/59\/2020\/12\/14C8BAD9-3E01-4140-8D7F-57FD0E412EDE-1024x682.jpeg 1024w, https:\/\/blogs.correiobraziliense.com.br\/capital-sa\/wp-content\/uploads\/sites\/59\/2020\/12\/14C8BAD9-3E01-4140-8D7F-57FD0E412EDE-800x533.jpeg 800w, https:\/\/blogs.correiobraziliense.com.br\/capital-sa\/wp-content\/uploads\/sites\/59\/2020\/12\/14C8BAD9-3E01-4140-8D7F-57FD0E412EDE-550x367.jpeg 550w, https:\/\/blogs.correiobraziliense.com.br\/capital-sa\/wp-content\/uploads\/sites\/59\/2020\/12\/14C8BAD9-3E01-4140-8D7F-57FD0E412EDE-230x153.jpeg 230w, https:\/\/blogs.correiobraziliense.com.br\/capital-sa\/wp-content\/uploads\/sites\/59\/2020\/12\/14C8BAD9-3E01-4140-8D7F-57FD0E412EDE.jpeg 1280w\" sizes=\"auto, (max-width: 300px) 100vw, 300px\" \/><\/p>\n<p class=\"p1\"><span class=\"s1\">Kits de higiene pessoal <\/span><\/p>\n<p class=\"p1\"><span class=\"s1\">O presidente do Sistema Fecom\u00e9rcio-DF, Francisco Maia, explicou que a carreata foi criada para ajudar as fam\u00edlias mais afetados pela crise financeira provocada pela pandemia do coronav\u00edrus. \u201c\u00c9 o momento que mais precisamos exercer a solidariedade. Come\u00e7amos a visitar as regi\u00f5es mais carentes do DF, entregando ceias de natal, brinquedos e kits de higiene pessoal\u201d , refor\u00e7ou.<\/span><\/p>\n<p class=\"p1\"><span class=\"s1\">Refer\u00eancia nacional <\/span><\/p>\n<p class=\"p1\"><span class=\"s1\">O diretor regional do Sesc-DF, Marco Tulio Chaparro, apontou que a iniciativa na capital ser\u00e1 uma refer\u00eancia para o pa\u00eds. \u201cMuito importante essa a\u00e7\u00e3o espec\u00edfica de Natal, al\u00e9m do trabalho ininterrupto do Mesa Brasil Sesc alimentando mais de 77 mil pessoas o ano inteiro. Ser\u00e1<span class=\"Apple-converted-space\">\u00a0 <\/span>refer\u00eancia para todo o pa\u00eds.\u201d<\/span><\/p>\n<p><img loading=\"lazy\" decoding=\"async\" class=\"aligncenter size-medium wp-image-914\" src=\"https:\/\/blogs.correiobraziliense.com.br\/capital-sa\/wp-content\/uploads\/sites\/59\/2020\/12\/45F8103F-86B5-4D0D-9A73-23F3AD676F23-300x200.jpeg\" alt=\"\" width=\"300\" height=\"200\" srcset=\"https:\/\/blogs.correiobraziliense.com.br\/capital-sa\/wp-content\/uploads\/sites\/59\/2020\/12\/45F8103F-86B5-4D0D-9A73-23F3AD676F23-300x200.jpeg 300w, https:\/\/blogs.correiobraziliense.com.br\/capital-sa\/wp-content\/uploads\/sites\/59\/2020\/12\/45F8103F-86B5-4D0D-9A73-23F3AD676F23-768x512.jpeg 768w, https:\/\/blogs.correiobraziliense.com.br\/capital-sa\/wp-content\/uploads\/sites\/59\/2020\/12\/45F8103F-86B5-4D0D-9A73-23F3AD676F23.jpeg 1024w, https:\/\/blogs.correiobraziliense.com.br\/capital-sa\/wp-content\/uploads\/sites\/59\/2020\/12\/45F8103F-86B5-4D0D-9A73-23F3AD676F23-800x533.jpeg 800w, https:\/\/blogs.correiobraziliense.com.br\/capital-sa\/wp-content\/uploads\/sites\/59\/2020\/12\/45F8103F-86B5-4D0D-9A73-23F3AD676F23-550x366.jpeg 550w, https:\/\/blogs.correiobraziliense.com.br\/capital-sa\/wp-content\/uploads\/sites\/59\/2020\/12\/45F8103F-86B5-4D0D-9A73-23F3AD676F23-230x153.jpeg 230w\" sizes=\"auto, (max-width: 300px) 100vw, 300px\" \/><\/p>\n<p>&nbsp;<\/p>\n<p class=\"p1\"><span class=\"s1\">Capital Moto Week <\/span><\/p>\n<p class=\"p1\"><span class=\"s1\">Representando os mais de 100 motociclistas, o s\u00f3cio do Capital Moto Week<span class=\"Apple-converted-space\">\u00a0 <\/span>e presidente da C\u00e2mara de Economia Criativa da Fecom\u00e9rcio-DF, Pedro Affonso Franco, comemorou a a\u00e7\u00e3o em parceria com a Fecom\u00e9rcio-DF. \u201c\u00c9 impressionante a ades\u00e3o maci\u00e7a de todos os motociclistas e como s\u00e3o engajados em a\u00e7\u00f5es sociais, agrade\u00e7o muito ao Sesc por essa inciativa\u201d, disse.<\/span><\/p>\n<p class=\"p1\"><span class=\"s1\">Esperan\u00e7a <\/span><\/p>\n<p class=\"p1\"><span class=\"s1\">A coordenadora geral da Associa\u00e7\u00e3o Pestalozzi de Bras\u00edlia, Luciana Siqueira de Pinho, tamb\u00e9m agradeceu as doa\u00e7\u00f5es. \u201cIniciativa maravilhosa. O comboio da carreata chegou aqui com uma energia muito forte, trouxeram esperan\u00e7a de que tudo volte ao normal\u201d, disse.<\/span><\/p>\n<p class=\"p1\"><span class=\"s1\">Apae &#8211; Bras\u00edlia<\/span><\/p>\n<p class=\"p1\"><span class=\"s1\">At\u00e9 o dia 16 de dezembro, as<span class=\"Apple-converted-space\">\u00a0 <\/span>carreatas v\u00e3o passar pelo Varj\u00e3o, Parano\u00e1, Fercal, Riacho Fundo II, Recanto da Emas, Itapo\u00e3, Samambaia, Santa Maria, Planaltina, Ceil\u00e2ndia e Brazl\u00e2ndia. <\/span><\/p>\n<p class=\"p1\"><span class=\"s1\"> No pr\u00f3ximo s\u00e1bado (12), a partir das 10h da manh\u00e3, saindo da unidade do Sesc na 913 Sul, mais um comboio com motociliclistas da cidade, juntamente com os ve\u00edculos da carreata de Natal do Sesc-DF, v\u00e3o percorrer as ruas para a entrega de doa\u00e7\u00f5es na APAE Bras\u00edlia, institui\u00e7\u00e3o credenciada ao Mesa Brasil.<\/span><\/p>\n","protected":false},"excerpt":{"rendered":"<p>Deixando um rastro de solidariedade,\u00a0 a carreata do Natal Sempre Monumental alegrou o s\u00e1bado de muitos brasilienses. A abertura do projeto, uma iniciativa do Sistema Fecom\u00e9rcio no DF, contou com a participa\u00e7\u00e3o de mais de 100 motociclistas. Eles passaram pela Asa Sul, Esplanada dos Minist\u00e9rios e no Setor de Clubes Norte, onde o comboio entregou doa\u00e7\u00f5es na Associa\u00e7\u00e3o Pestalozzi de [&hellip;]<\/p>\n","protected":false},"author":125,"featured_media":0,"comment_status":"open","ping_status":"open","sticky":false,"template":"","format":"standard","meta":{"footnotes":""},"categories":[1],"tags":[],"class_list":["post-907","post","type-post","status-publish","format-standard","hentry","category-sem-categoria"],"_links":{"self":[{"href":"https:\/\/blogs.correiobraziliense.com.br\/capital-sa\/wp-json\/wp\/v2\/posts\/907","targetHints":{"allow":["GET"]}}],"collection":[{"href":"https:\/\/blogs.correiobraziliense.com.br\/capital-sa\/wp-json\/wp\/v2\/posts"}],"about":[{"href":"https:\/\/blogs.correiobraziliense.com.br\/capital-sa\/wp-json\/wp\/v2\/types\/post"}],"author":[{"embeddable":true,"href":"https:\/\/blogs.correiobraziliense.com.br\/capital-sa\/wp-json\/wp\/v2\/users\/125"}],"replies":[{"embeddable":true,"href":"https:\/\/blogs.correiobraziliense.com.br\/capital-sa\/wp-json\/wp\/v2\/comments?post=907"}],"version-history":[{"count":6,"href":"https:\/\/blogs.correiobraziliense.com.br\/capital-sa\/wp-json\/wp\/v2\/posts\/907\/revisions"}],"predecessor-version":[{"id":916,"href":"https:\/\/blogs.correiobraziliense.com.br\/capital-sa\/wp-json\/wp\/v2\/posts\/907\/revisions\/916"}],"wp:attachment":[{"href":"https:\/\/blogs.correiobraziliense.com.br\/capital-sa\/wp-json\/wp\/v2\/media?parent=907"}],"wp:term":[{"taxonomy":"category","embeddable":true,"href":"https:\/\/blogs.correiobraziliense.com.br\/capital-sa\/wp-json\/wp\/v2\/categories?post=907"},{"taxonomy":"post_tag","embeddable":true,"href":"https:\/\/blogs.correiobraziliense.com.br\/capital-sa\/wp-json\/wp\/v2\/tags?post=907"}],"curies":[{"name":"wp","href":"https:\/\/api.w.org\/{rel}","templated":true}]}}