{"id":9058,"date":"2022-08-01T07:30:13","date_gmt":"2022-08-01T10:30:13","guid":{"rendered":"https:\/\/blogs.correiobraziliense.com.br\/capital-sa\/?p=9058"},"modified":"2022-08-01T16:00:25","modified_gmt":"2022-08-01T19:00:25","slug":"sindivarejista-nas-cidades","status":"publish","type":"post","link":"https:\/\/blogs.correiobraziliense.com.br\/capital-sa\/2022\/08\/01\/sindivarejista-nas-cidades\/","title":{"rendered":"Sindivarejista Nas Cidades"},"content":{"rendered":"<p class=\"p1\">Exatos 596 atendimentos foram feitos pelo programa Sindivarejista Nas Cidades, at\u00e9 a semana passada, em Planaltina. Na edi\u00e7\u00e3o anterior, no Gama, as pessoas atendidas somaram 495. O Sindicato do Com\u00e9rcio Varejista criou o projeto para fazer um diagn\u00f3stico das necessidades das lojas nas diferentes regi\u00f5es administrativas do Distrito Federal e buscar solu\u00e7\u00f5es.<\/p>\n<blockquote>\n<p class=\"p1\"><span class=\"s1\">&#8220;Nossa meta \u00e9 atualizar a realidade do varejo e facilitar a vida dos empreendedores mediante a presta\u00e7\u00e3o de servi\u00e7os. Nosso foco \u00e9 o varejo, que re\u00fane mais de 30 mil lojas no DF, onde trabalham 120 mil pessoas&#8221;, disse o presidente do Sindivarejista, Sebasti\u00e3o Abritta.<\/span><\/p>\n<\/blockquote>\n<p class=\"p1\"><span class=\"s1\">Foram oferecidos atendimentos gratuitos a comerciantes e comerci\u00e1rios nas \u00e1reas de enfermagem, ginecologia, laboratorial, odontol\u00f3gica, design de sobrancelhas e massagem terap\u00eautica, entre outras.<\/span><\/p>\n<p class=\"p1\"><span class=\"s1\">Os empres\u00e1rios tamb\u00e9m foram atendidos com temas envolvendo Banco de Horas, Conven\u00e7\u00e3o Coletiva de Trabalho, planos de sa\u00fade, assessoria jur\u00eddica e trabalhista, Comiss\u00e3o de Concilia\u00e7\u00e3o Pr\u00e9via, eSocial e Medicina do Trabalho.<br \/>\n<\/span><\/p>\n<p class=\"p1\"><span class=\"s1\">Orienta\u00e7\u00f5es sobre combate \u00e0 dengue foram dadas. \u00a0E emitidas pelo menos 69 carteiras do Sesc. A Consultoria Jur\u00eddica do Sindivarejista tamb\u00e9m atuou esclarecendo d\u00favidas.<\/span><\/p>\n<p class=\"p1\"><span class=\"s1\">O administrador de Planaltina, C\u00e9lio Rodrigues, apontou que o com\u00e9rcio local &#8220;tem car\u00eancias&#8221;. &#8220;S\u00e3o muito positivas as a\u00e7\u00f5es do sindicato na cidade para suporte aos comerciantes e tamb\u00e9m aos trabalhadores&#8221;, acrescentou.<\/span><\/p>\n<p class=\"p1\">O Servi\u00e7o Social do Com\u00e9rcio (Sesc) e o Servi\u00e7o Nacional de Aprendizagem Comercial (Senac) atuaram presencialmente em parceria com o programa do Sindivarejista.<\/p>\n<p class=\"p1\">A diretora de Educa\u00e7\u00e3o Profissional e Tecnol\u00f3gica do Senac, Cintia Gontijo, lembrou que o Sindivarejista \u00a0foi criado em 1970. &#8220;Importante estarmos perto do com\u00e9rcio onde ele estiver, dando condi\u00e7\u00f5es para ele se fortalecer em todas as regi\u00f5es&#8221;, disse.<\/p>\n<p class=\"p1\">L\u00e1zaro Gilvano, diretor administrativo-financeiro do Sesc, explicou que os servi\u00e7os disponibilizados aproximam entidades, comerciantes e trabalhadores.<\/p>\n<p>&nbsp;<\/p>\n","protected":false},"excerpt":{"rendered":"<p>Exatos 596 atendimentos foram feitos pelo programa Sindivarejista Nas Cidades, at\u00e9 a semana passada, em Planaltina. Na edi\u00e7\u00e3o anterior, no Gama, as pessoas atendidas somaram 495. O Sindicato do Com\u00e9rcio Varejista criou o projeto para fazer um diagn\u00f3stico das necessidades das lojas nas diferentes regi\u00f5es administrativas do Distrito Federal e buscar solu\u00e7\u00f5es. &#8220;Nossa meta \u00e9 atualizar a realidade do varejo [&hellip;]<\/p>\n","protected":false},"author":125,"featured_media":9066,"comment_status":"open","ping_status":"open","sticky":false,"template":"","format":"standard","meta":{"footnotes":""},"categories":[6],"tags":[362,1181,1145,605,56],"class_list":["post-9058","post","type-post","status-publish","format-standard","has-post-thumbnail","hentry","category-coluna-capital-s-a","tag-atendimento","tag-comerciantes","tag-lojas","tag-planaltina","tag-sindivarejista"],"_links":{"self":[{"href":"https:\/\/blogs.correiobraziliense.com.br\/capital-sa\/wp-json\/wp\/v2\/posts\/9058","targetHints":{"allow":["GET"]}}],"collection":[{"href":"https:\/\/blogs.correiobraziliense.com.br\/capital-sa\/wp-json\/wp\/v2\/posts"}],"about":[{"href":"https:\/\/blogs.correiobraziliense.com.br\/capital-sa\/wp-json\/wp\/v2\/types\/post"}],"author":[{"embeddable":true,"href":"https:\/\/blogs.correiobraziliense.com.br\/capital-sa\/wp-json\/wp\/v2\/users\/125"}],"replies":[{"embeddable":true,"href":"https:\/\/blogs.correiobraziliense.com.br\/capital-sa\/wp-json\/wp\/v2\/comments?post=9058"}],"version-history":[{"count":10,"href":"https:\/\/blogs.correiobraziliense.com.br\/capital-sa\/wp-json\/wp\/v2\/posts\/9058\/revisions"}],"predecessor-version":[{"id":9069,"href":"https:\/\/blogs.correiobraziliense.com.br\/capital-sa\/wp-json\/wp\/v2\/posts\/9058\/revisions\/9069"}],"wp:featuredmedia":[{"embeddable":true,"href":"https:\/\/blogs.correiobraziliense.com.br\/capital-sa\/wp-json\/wp\/v2\/media\/9066"}],"wp:attachment":[{"href":"https:\/\/blogs.correiobraziliense.com.br\/capital-sa\/wp-json\/wp\/v2\/media?parent=9058"}],"wp:term":[{"taxonomy":"category","embeddable":true,"href":"https:\/\/blogs.correiobraziliense.com.br\/capital-sa\/wp-json\/wp\/v2\/categories?post=9058"},{"taxonomy":"post_tag","embeddable":true,"href":"https:\/\/blogs.correiobraziliense.com.br\/capital-sa\/wp-json\/wp\/v2\/tags?post=9058"}],"curies":[{"name":"wp","href":"https:\/\/api.w.org\/{rel}","templated":true}]}}