{"id":9053,"date":"2022-08-01T08:27:58","date_gmt":"2022-08-01T11:27:58","guid":{"rendered":"https:\/\/blogs.correiobraziliense.com.br\/capital-sa\/?p=9053"},"modified":"2022-08-01T16:36:26","modified_gmt":"2022-08-01T19:36:26","slug":"pesquisa-mapeia-realidade-da-advocacia-no-df","status":"publish","type":"post","link":"https:\/\/blogs.correiobraziliense.com.br\/capital-sa\/2022\/08\/01\/pesquisa-mapeia-realidade-da-advocacia-no-df\/","title":{"rendered":"Pesquisa mapeia realidade da advocacia no DF"},"content":{"rendered":"<p class=\"p1\">Por Samanta Sallum<\/p>\n<p class=\"p1\"><span class=\"s1\">Um dos dados revelados<span class=\"Apple-converted-space\">\u00a0<\/span>\u00e9 que 32% dos entrevistados declaram trabalhar com honor\u00e1rios abaixo do piso salarial. O levantamento ouviu 300 advogados no Distrito Federal para identificar os principais desafios encontrados nos per\u00edodos de pandemia e, agora, de p\u00f3s-pandemia.<br \/>\n<\/span><\/p>\n<p class=\"p1\">A pesquisa foi realizada pelo Instituto Opini\u00e3o, encomendada pelo advogado tributarista Jacques Veloso, da Veloso de Melo Advogados, neste m\u00eas, em que se comemora o Dia do Advogado (dia 11).<\/p>\n<p class=\"p1\"><span class=\"s1\"> Segundo ele, esse \u00edndice \u00e9 preocupante e revela fragilidades na atividade profissional.<\/span><\/p>\n<p class=\"p1\"><span class=\"s1\">A \u00edntegra ser\u00e1 divulgada no pr\u00f3ximo 9 de agosto, em evento para cerca de 150 profissionais da \u00e1rea. A ideia \u00e9 tra\u00e7ar o perfil econ\u00f4mico e de atua\u00e7\u00e3o da advocacia no DF.<span class=\"Apple-converted-space\">\u00a0 <\/span>Trar\u00e1 informa\u00e7\u00f5es sobre faixa salarial praticada em n\u00edvel local; e \u00e1reas do direito com maior demanda na capital federal.<\/span><\/p>\n","protected":false},"excerpt":{"rendered":"<p>Por Samanta Sallum Um dos dados revelados\u00a0\u00e9 que 32% dos entrevistados declaram trabalhar com honor\u00e1rios abaixo do piso salarial. O levantamento ouviu 300 advogados no Distrito Federal para identificar os principais desafios encontrados nos per\u00edodos de pandemia e, agora, de p\u00f3s-pandemia. A pesquisa foi realizada pelo Instituto Opini\u00e3o, encomendada pelo advogado tributarista Jacques Veloso, da Veloso de Melo Advogados, neste [&hellip;]<\/p>\n","protected":false},"author":125,"featured_media":9057,"comment_status":"open","ping_status":"open","sticky":false,"template":"","format":"standard","meta":{"footnotes":""},"categories":[6],"tags":[1346,332,1348,1347,143],"class_list":["post-9053","post","type-post","status-publish","format-standard","has-post-thumbnail","hentry","category-coluna-capital-s-a","tag-advocacia","tag-df","tag-diadoadvogado","tag-honorarios","tag-pesquisa"],"_links":{"self":[{"href":"https:\/\/blogs.correiobraziliense.com.br\/capital-sa\/wp-json\/wp\/v2\/posts\/9053","targetHints":{"allow":["GET"]}}],"collection":[{"href":"https:\/\/blogs.correiobraziliense.com.br\/capital-sa\/wp-json\/wp\/v2\/posts"}],"about":[{"href":"https:\/\/blogs.correiobraziliense.com.br\/capital-sa\/wp-json\/wp\/v2\/types\/post"}],"author":[{"embeddable":true,"href":"https:\/\/blogs.correiobraziliense.com.br\/capital-sa\/wp-json\/wp\/v2\/users\/125"}],"replies":[{"embeddable":true,"href":"https:\/\/blogs.correiobraziliense.com.br\/capital-sa\/wp-json\/wp\/v2\/comments?post=9053"}],"version-history":[{"count":5,"href":"https:\/\/blogs.correiobraziliense.com.br\/capital-sa\/wp-json\/wp\/v2\/posts\/9053\/revisions"}],"predecessor-version":[{"id":9071,"href":"https:\/\/blogs.correiobraziliense.com.br\/capital-sa\/wp-json\/wp\/v2\/posts\/9053\/revisions\/9071"}],"wp:featuredmedia":[{"embeddable":true,"href":"https:\/\/blogs.correiobraziliense.com.br\/capital-sa\/wp-json\/wp\/v2\/media\/9057"}],"wp:attachment":[{"href":"https:\/\/blogs.correiobraziliense.com.br\/capital-sa\/wp-json\/wp\/v2\/media?parent=9053"}],"wp:term":[{"taxonomy":"category","embeddable":true,"href":"https:\/\/blogs.correiobraziliense.com.br\/capital-sa\/wp-json\/wp\/v2\/categories?post=9053"},{"taxonomy":"post_tag","embeddable":true,"href":"https:\/\/blogs.correiobraziliense.com.br\/capital-sa\/wp-json\/wp\/v2\/tags?post=9053"}],"curies":[{"name":"wp","href":"https:\/\/api.w.org\/{rel}","templated":true}]}}