{"id":903,"date":"2020-12-04T09:15:39","date_gmt":"2020-12-04T12:15:39","guid":{"rendered":"https:\/\/blogs.correiobraziliense.com.br\/capital-sa\/?p=903"},"modified":"2020-12-04T10:28:16","modified_gmt":"2020-12-04T13:28:16","slug":"o-ministro-astronauta-e-ex-aluno-do-senai","status":"publish","type":"post","link":"https:\/\/blogs.correiobraziliense.com.br\/capital-sa\/2020\/12\/04\/o-ministro-astronauta-e-ex-aluno-do-senai\/","title":{"rendered":"O ministro, astronauta e ex-aluno do Senai"},"content":{"rendered":"<p>O ministro da Ci\u00eancia e Tecnologia, Marcos Pontes, elogiou a parceria do Sistema S com o governo na capacita\u00e7\u00e3o profissional de trabalhadores. Ele esteve ontem na Estrutural no evento de inaugura\u00e7\u00e3o do ponto de wi-fi social na regi\u00e3o.<\/p>\n<blockquote><p>&#8220;\u00c9 essencial essa parceria, precisamos ter t\u00e9cnicos no pa\u00eds. Fui aluno do Senai e do Sesi, tenho orgulho de falar isso. Quero parabenizar todo o Sistema S, que apoia o desenvolvimento social e econ\u00f4mico das regi\u00f5es&#8221;, destacou <strong>Marcos<\/strong>.<\/p><\/blockquote>\n<p>&nbsp;<\/p>\n<h3>DF Inova Tech<\/h3>\n<p>O Senai e a Secretaria de Ci\u00eancia e Tecnologia no DF lan\u00e7aram, por meio de uma parceria, o projeto DF Inova Tech. V\u00e3o oferecer 46 cursos, a 45 mil pessoas nos pr\u00f3ximos 3 anos, nas \u00e1reas de tecnologia e constru\u00e7\u00e3o civil. \u201c\u00c9 fundamental a compreens\u00e3o de que s\u00f3 se faz desenvolvimento com conhecimento. Vamos obter resultados importantes. O setor produtivo precisa de m\u00e3o de obra e os trabalhadores, de emprego\u201d, afirmou presidente da Fibra, Jamal Jorge Bittar.<\/p>\n","protected":false},"excerpt":{"rendered":"<p>O ministro da Ci\u00eancia e Tecnologia, Marcos Pontes, elogiou a parceria do Sistema S com o governo na capacita\u00e7\u00e3o profissional de trabalhadores. Ele esteve ontem na Estrutural no evento de inaugura\u00e7\u00e3o do ponto de wi-fi social na regi\u00e3o. &#8220;\u00c9 essencial essa parceria, precisamos ter t\u00e9cnicos no pa\u00eds. Fui aluno do Senai e do Sesi, tenho orgulho de falar isso. Quero [&hellip;]<\/p>\n","protected":false},"author":125,"featured_media":905,"comment_status":"open","ping_status":"open","sticky":false,"template":"","format":"standard","meta":{"footnotes":""},"categories":[6],"tags":[241,245,243,141,242,244,247,155,246],"class_list":["post-903","post","type-post","status-publish","format-standard","has-post-thumbnail","hentry","category-coluna-capital-s-a","tag-cienciaetecnologia","tag-dfinovatech","tag-estrutural","tag-evento","tag-ministro","tag-senaidf","tag-sesidf","tag-sistemas","tag-wifisocial"],"_links":{"self":[{"href":"https:\/\/blogs.correiobraziliense.com.br\/capital-sa\/wp-json\/wp\/v2\/posts\/903","targetHints":{"allow":["GET"]}}],"collection":[{"href":"https:\/\/blogs.correiobraziliense.com.br\/capital-sa\/wp-json\/wp\/v2\/posts"}],"about":[{"href":"https:\/\/blogs.correiobraziliense.com.br\/capital-sa\/wp-json\/wp\/v2\/types\/post"}],"author":[{"embeddable":true,"href":"https:\/\/blogs.correiobraziliense.com.br\/capital-sa\/wp-json\/wp\/v2\/users\/125"}],"replies":[{"embeddable":true,"href":"https:\/\/blogs.correiobraziliense.com.br\/capital-sa\/wp-json\/wp\/v2\/comments?post=903"}],"version-history":[{"count":1,"href":"https:\/\/blogs.correiobraziliense.com.br\/capital-sa\/wp-json\/wp\/v2\/posts\/903\/revisions"}],"predecessor-version":[{"id":904,"href":"https:\/\/blogs.correiobraziliense.com.br\/capital-sa\/wp-json\/wp\/v2\/posts\/903\/revisions\/904"}],"wp:featuredmedia":[{"embeddable":true,"href":"https:\/\/blogs.correiobraziliense.com.br\/capital-sa\/wp-json\/wp\/v2\/media\/905"}],"wp:attachment":[{"href":"https:\/\/blogs.correiobraziliense.com.br\/capital-sa\/wp-json\/wp\/v2\/media?parent=903"}],"wp:term":[{"taxonomy":"category","embeddable":true,"href":"https:\/\/blogs.correiobraziliense.com.br\/capital-sa\/wp-json\/wp\/v2\/categories?post=903"},{"taxonomy":"post_tag","embeddable":true,"href":"https:\/\/blogs.correiobraziliense.com.br\/capital-sa\/wp-json\/wp\/v2\/tags?post=903"}],"curies":[{"name":"wp","href":"https:\/\/api.w.org\/{rel}","templated":true}]}}