{"id":9023,"date":"2022-07-29T08:25:08","date_gmt":"2022-07-29T11:25:08","guid":{"rendered":"https:\/\/blogs.correiobraziliense.com.br\/capital-sa\/?p=9023"},"modified":"2022-07-29T13:30:40","modified_gmt":"2022-07-29T16:30:40","slug":"correio-talks-no-capital-moto-week","status":"publish","type":"post","link":"https:\/\/blogs.correiobraziliense.com.br\/capital-sa\/2022\/07\/29\/correio-talks-no-capital-moto-week\/","title":{"rendered":"Correio Talks no Capital Moto Week"},"content":{"rendered":"<div><span style=\"font-size: large\">Por Samanta Sallum\u00a0<\/span><\/div>\n<div><span style=\"font-size: large\">\u00a0<\/span><\/div>\n<div>\n<p><span style=\"font-size: large\">O espa\u00e7o de mulheres estilistas, do festival Capital Moto Week, se transformou numa passarela de inclus\u00e3o e de quebra de padr\u00f5es. A loja conceito Dark Sabbath e o coletivo Flor do Rock se uniram para produzir a cole\u00e7\u00e3o que foi apresentada no desfile &#8220;Todos os corpos&#8221;. Entre as modelos, a diversidade est\u00e9tica foi promovida e contou com a participa\u00e7\u00e3o da Juliana Jacinto, organizadora do CMW.<\/span><\/p>\n<p>&nbsp;<\/p>\n<\/div>\n<div><\/div>\n<div><\/div>\n<div><span style=\"font-size: large\">O festival ocorre at\u00e9 s\u00e1bado, no Parque de Exposi\u00e7\u00f5es da Granja do Torto. E hoje tem bate-papo, l\u00e1, \u00e0s\u00a0<a href=\"\/\/3\">17h30<\/a>, no espa\u00e7o Lady Bikers, sobre empreendedorismo feminino e economia criativa com representantes do setor.\u00a0\u00a0<\/span><\/div>\n","protected":false},"excerpt":{"rendered":"<p>Por Samanta Sallum\u00a0 \u00a0 O espa\u00e7o de mulheres estilistas, do festival Capital Moto Week, se transformou numa passarela de inclus\u00e3o e de quebra de padr\u00f5es. A loja conceito Dark Sabbath e o coletivo Flor do Rock se uniram para produzir a cole\u00e7\u00e3o que foi apresentada no desfile &#8220;Todos os corpos&#8221;. Entre as modelos, a diversidade est\u00e9tica foi promovida e contou [&hellip;]<\/p>\n","protected":false},"author":125,"featured_media":9027,"comment_status":"open","ping_status":"open","sticky":false,"template":"","format":"standard","meta":{"footnotes":""},"categories":[6],"tags":[1337,595,1338,1340,1341,130,1339],"class_list":["post-9023","post","type-post","status-publish","format-standard","has-post-thumbnail","hentry","category-coluna-capital-s-a","tag-capitalmotoweek","tag-correiotalks","tag-darksabbath","tag-desfile","tag-diversidadeestetica","tag-festival","tag-flordorock"],"_links":{"self":[{"href":"https:\/\/blogs.correiobraziliense.com.br\/capital-sa\/wp-json\/wp\/v2\/posts\/9023","targetHints":{"allow":["GET"]}}],"collection":[{"href":"https:\/\/blogs.correiobraziliense.com.br\/capital-sa\/wp-json\/wp\/v2\/posts"}],"about":[{"href":"https:\/\/blogs.correiobraziliense.com.br\/capital-sa\/wp-json\/wp\/v2\/types\/post"}],"author":[{"embeddable":true,"href":"https:\/\/blogs.correiobraziliense.com.br\/capital-sa\/wp-json\/wp\/v2\/users\/125"}],"replies":[{"embeddable":true,"href":"https:\/\/blogs.correiobraziliense.com.br\/capital-sa\/wp-json\/wp\/v2\/comments?post=9023"}],"version-history":[{"count":5,"href":"https:\/\/blogs.correiobraziliense.com.br\/capital-sa\/wp-json\/wp\/v2\/posts\/9023\/revisions"}],"predecessor-version":[{"id":9039,"href":"https:\/\/blogs.correiobraziliense.com.br\/capital-sa\/wp-json\/wp\/v2\/posts\/9023\/revisions\/9039"}],"wp:featuredmedia":[{"embeddable":true,"href":"https:\/\/blogs.correiobraziliense.com.br\/capital-sa\/wp-json\/wp\/v2\/media\/9027"}],"wp:attachment":[{"href":"https:\/\/blogs.correiobraziliense.com.br\/capital-sa\/wp-json\/wp\/v2\/media?parent=9023"}],"wp:term":[{"taxonomy":"category","embeddable":true,"href":"https:\/\/blogs.correiobraziliense.com.br\/capital-sa\/wp-json\/wp\/v2\/categories?post=9023"},{"taxonomy":"post_tag","embeddable":true,"href":"https:\/\/blogs.correiobraziliense.com.br\/capital-sa\/wp-json\/wp\/v2\/tags?post=9023"}],"curies":[{"name":"wp","href":"https:\/\/api.w.org\/{rel}","templated":true}]}}