{"id":9001,"date":"2022-07-27T15:20:40","date_gmt":"2022-07-27T18:20:40","guid":{"rendered":"https:\/\/blogs.correiobraziliense.com.br\/capital-sa\/?p=9001"},"modified":"2022-07-27T19:36:28","modified_gmt":"2022-07-27T22:36:28","slug":"bares-e-restaurantes-reagem-a-mudancas-no-beneficio-do-auxilio-alimentacao","status":"publish","type":"post","link":"https:\/\/blogs.correiobraziliense.com.br\/capital-sa\/2022\/07\/27\/bares-e-restaurantes-reagem-a-mudancas-no-beneficio-do-auxilio-alimentacao\/","title":{"rendered":"Bares e restaurantes reagem a mudan\u00e7as no benef\u00edcio do aux\u00edlio-alimenta\u00e7\u00e3o"},"content":{"rendered":"<p>Por Samanta Sallum<\/p>\n<p class=\"p1\"><span class=\"s1\">O relator do tema, deputado federal Paulinho da For\u00e7a (Solidariedade), est\u00e1 propondo altera\u00e7\u00f5es na Medida Provis\u00f3ria referente ao PAT (Programa de Alimenta\u00e7\u00e3o do Trabalhador), que prejudicariam bares e restaurantes. Entre as mudan\u00e7as, o pagamento do benef\u00edcio em esp\u00e9cie. Segundo a Abrasel, isso vai permitir o desvio de finalidade do aux\u00edlio, que ser\u00e1 usado para outros gastos.<br \/>\n<\/span><\/p>\n<p class=\"p1\"><span class=\"s1\"><b>Relat\u00f3rio em cima da vota\u00e7\u00e3o <\/b><\/span><\/p>\n<p class=\"p1\"><span class=\"s1\">A MP 1108\/22 deve ser votada na pr\u00f3xima ter\u00e7a-feira.\u00a0<\/span>O deputado disse vai divulgar o relat\u00f3rio final somente na segunda, um dia antes da vota\u00e7\u00e3o. O que est\u00e1 provocando cr\u00edticas de setores do com\u00e9rcio.<\/p>\n<p class=\"p1\"><span class=\"s1\">Caso a mudan\u00e7a passe a valer, o trabalhador poder\u00e1<span class=\"Apple-converted-space\">\u00a0<\/span>usar o dinheiro para quitar d\u00edvidas com bancos e contas em atraso.<\/span><\/p>\n<p>&#8220;Fica muito evidente quem ganha com isso: os bancos, que passam a receber o dinheiro que deveria ser utilizado em benef\u00edcio dos trabalhadores. Mais evidente ainda \u00e9 quem perde: o pr\u00f3prio trabalhador, que fica sob amea\u00e7a de fome, uma vez que deixar\u00e1 de se alimentar para suprir outros gastos, al\u00e9m dos bares e restaurantes, que perder\u00e3o receita&#8221;, criticou Paulo Solmucci, presidente da Associa\u00e7\u00e3o Brasileira de Bares e Restaurantes (Abrasel).<\/p>\n<p class=\"p1\"><b>Peso no faturamento<\/b><\/p>\n<p class=\"p1\"><span class=\"s1\">O faturamento com o aux\u00edlio-alimenta\u00e7\u00e3o representa, em m\u00e9dia, para o setor, 20% do total, chegando a 80% em alguns casos, segundo a Abrasel. A entidade aponta ainda que 65% dos neg\u00f3cios correm o risco de fechar as portas diante do grande endividamento em fun\u00e7\u00e3o da pandemia, agravado com o descontrole da infla\u00e7\u00e3o.<\/span><\/p>\n<p>&#8220;O deputado fugiu\u00a0do di\u00e1logo com as partes interessadas, esconde o seu relat\u00f3rio da sociedade e at\u00e9 mesmo de seus colegas deputados.\u00a0Desrespeita e ignora a dram\u00e1tica situa\u00e7\u00e3o do nosso setor, que pagou um conta injusta e desproporcional na pandemia pelo bem coletivo. Falta, inclusive, solidariedade&#8221;, refor\u00e7ou Beto Pinheiro, presidente da Abrasel do Distrito Federal.<\/p>\n<p class=\"p1\"><span class=\"s1\">O setor apoia o texto original da MP feito pelo governo federal sobre o sistema do aux\u00edlio-alimenta\u00e7\u00e3o, usado por milh\u00f5es de brasileiros. A proibi\u00e7\u00e3o do chamado &#8220;rebate&#8221;, o desconto sobre o valor de face dos vales-refei\u00e7\u00e3o e alimenta\u00e7\u00e3o, promovido pelas administradoras dos cart\u00f5es de benef\u00edcios, \u00e9 um dos pontos considerados como avan\u00e7o no sistema.<\/span><\/p>\n<p>&nbsp;<\/p>\n<p>&nbsp;<\/p>\n","protected":false},"excerpt":{"rendered":"<p>Por Samanta Sallum O relator do tema, deputado federal Paulinho da For\u00e7a (Solidariedade), est\u00e1 propondo altera\u00e7\u00f5es na Medida Provis\u00f3ria referente ao PAT (Programa de Alimenta\u00e7\u00e3o do Trabalhador), que prejudicariam bares e restaurantes. Entre as mudan\u00e7as, o pagamento do benef\u00edcio em esp\u00e9cie. Segundo a Abrasel, isso vai permitir o desvio de finalidade do aux\u00edlio, que ser\u00e1 usado para outros gastos. Relat\u00f3rio [&hellip;]<\/p>\n","protected":false},"author":125,"featured_media":9005,"comment_status":"open","ping_status":"open","sticky":false,"template":"","format":"standard","meta":{"footnotes":""},"categories":[6],"tags":[712,1332,221,364,1291,892,222,5],"class_list":["post-9001","post","type-post","status-publish","format-standard","has-post-thumbnail","hentry","category-coluna-capital-s-a","tag-abrasel","tag-auxilioalimentacao","tag-bares","tag-beneficio","tag-faturamento","tag-medidaprovisoria","tag-restaurantes","tag-pandemia"],"_links":{"self":[{"href":"https:\/\/blogs.correiobraziliense.com.br\/capital-sa\/wp-json\/wp\/v2\/posts\/9001","targetHints":{"allow":["GET"]}}],"collection":[{"href":"https:\/\/blogs.correiobraziliense.com.br\/capital-sa\/wp-json\/wp\/v2\/posts"}],"about":[{"href":"https:\/\/blogs.correiobraziliense.com.br\/capital-sa\/wp-json\/wp\/v2\/types\/post"}],"author":[{"embeddable":true,"href":"https:\/\/blogs.correiobraziliense.com.br\/capital-sa\/wp-json\/wp\/v2\/users\/125"}],"replies":[{"embeddable":true,"href":"https:\/\/blogs.correiobraziliense.com.br\/capital-sa\/wp-json\/wp\/v2\/comments?post=9001"}],"version-history":[{"count":7,"href":"https:\/\/blogs.correiobraziliense.com.br\/capital-sa\/wp-json\/wp\/v2\/posts\/9001\/revisions"}],"predecessor-version":[{"id":9010,"href":"https:\/\/blogs.correiobraziliense.com.br\/capital-sa\/wp-json\/wp\/v2\/posts\/9001\/revisions\/9010"}],"wp:featuredmedia":[{"embeddable":true,"href":"https:\/\/blogs.correiobraziliense.com.br\/capital-sa\/wp-json\/wp\/v2\/media\/9005"}],"wp:attachment":[{"href":"https:\/\/blogs.correiobraziliense.com.br\/capital-sa\/wp-json\/wp\/v2\/media?parent=9001"}],"wp:term":[{"taxonomy":"category","embeddable":true,"href":"https:\/\/blogs.correiobraziliense.com.br\/capital-sa\/wp-json\/wp\/v2\/categories?post=9001"},{"taxonomy":"post_tag","embeddable":true,"href":"https:\/\/blogs.correiobraziliense.com.br\/capital-sa\/wp-json\/wp\/v2\/tags?post=9001"}],"curies":[{"name":"wp","href":"https:\/\/api.w.org\/{rel}","templated":true}]}}