{"id":897,"date":"2020-12-04T09:11:15","date_gmt":"2020-12-04T12:11:15","guid":{"rendered":"https:\/\/blogs.correiobraziliense.com.br\/capital-sa\/?p=897"},"modified":"2020-12-04T09:11:15","modified_gmt":"2020-12-04T12:11:15","slug":"mesa-brasil-faz-homenagem-a-empresarios","status":"publish","type":"post","link":"https:\/\/blogs.correiobraziliense.com.br\/capital-sa\/2020\/12\/04\/mesa-brasil-faz-homenagem-a-empresarios\/","title":{"rendered":"Mesa Brasil faz homenagem a empres\u00e1rios"},"content":{"rendered":"<p>O Sesc-DF realizou ontem um evento especial para agradecer aos mais de 170 doadores do Mesa Brasil na capital. Gra\u00e7as \u00e0s doa\u00e7\u00f5es de empres\u00e1rios, entre eles, donos de supermercados e atacadistas, foi batido recorde este ano de arrecada\u00e7\u00e3o de alimentos. \u201cFizemos uma homenagem a esses doadores, num momento t\u00e3o dif\u00edcil para todos por causa da pandemia.<\/p>\n<p><img loading=\"lazy\" decoding=\"async\" class=\"aligncenter size-medium wp-image-899\" src=\"https:\/\/blogs.correiobraziliense.com.br\/capital-sa\/wp-content\/uploads\/sites\/59\/2020\/12\/mul-300x253.jpg\" alt=\"\" width=\"300\" height=\"253\" srcset=\"https:\/\/blogs.correiobraziliense.com.br\/capital-sa\/wp-content\/uploads\/sites\/59\/2020\/12\/mul-300x253.jpg 300w, https:\/\/blogs.correiobraziliense.com.br\/capital-sa\/wp-content\/uploads\/sites\/59\/2020\/12\/mul-230x194.jpg 230w, https:\/\/blogs.correiobraziliense.com.br\/capital-sa\/wp-content\/uploads\/sites\/59\/2020\/12\/mul.jpg 487w\" sizes=\"auto, (max-width: 300px) 100vw, 300px\" \/><\/p>\n<blockquote><p>\u201dFoi um ato importante de solidariedade em prol das pessoas em situa\u00e7\u00e3o de vulnerabilidade social\u201d, destacou a coordenadora do projeto, <strong>Lucimar Santos<\/strong>.<\/p><\/blockquote>\n<p>O evento foi transmitido pelas redes sociais devido ao distanciamento social.<\/p>\n<p>&nbsp;<\/p>\n<h3>Aplicativo com a Defensoria P\u00fablica<\/h3>\n<p>Foi lan\u00e7ado tamb\u00e9m na cerim\u00f4nia o aplicativo do Mesa Brasil Sesc e da Defensoria P\u00fablica do Distrito Federal. A parceria tem o objetivo de compartilhar tecnologias para reduzir a desigualdade social por meio de assist\u00eancia jur\u00eddica. O trabalho vai al\u00e9m das doa\u00e7\u00f5es de alimentos para as institui\u00e7\u00f5es sociais. Muitas vezes, as equipes que atuam no projeto deparam com pessoas que desconhecem seus direitos individuais e coletivos.<\/p>\n<p>&nbsp;<\/p>\n<h3>Como doar<\/h3>\n<p>Com o aplicativo, ser\u00e1 poss\u00edvel o usu\u00e1rio conhecer os meios para doar alimentos para o programa, como se cadastrar enquanto institui\u00e7\u00e3o para receber os mantimentos, al\u00e9m de acessar conte\u00fado sobre aproveitamento e reaproveitamento de comidas.<\/p>\n<p>&nbsp;<\/p>\n<p>&nbsp;<\/p>\n<blockquote>\n<h3>N\u00fameros<\/h3>\n<p><strong>1,3 milh\u00e3o<\/strong> de quilos de alimentos doados<\/p>\n<p><strong>172<\/strong> doadores<\/p>\n<p><strong>313<\/strong> institui\u00e7\u00f5es sociais atendidas<\/p>\n<p><strong>77 mil<\/strong> pessoas beneficiadas<\/p><\/blockquote>\n<p>&nbsp;<\/p>\n","protected":false},"excerpt":{"rendered":"<p>O Sesc-DF realizou ontem um evento especial para agradecer aos mais de 170 doadores do Mesa Brasil na capital. Gra\u00e7as \u00e0s doa\u00e7\u00f5es de empres\u00e1rios, entre eles, donos de supermercados e atacadistas, foi batido recorde este ano de arrecada\u00e7\u00e3o de alimentos. \u201cFizemos uma homenagem a esses doadores, num momento t\u00e3o dif\u00edcil para todos por causa da pandemia. \u201dFoi um ato importante [&hellip;]<\/p>\n","protected":false},"author":125,"featured_media":898,"comment_status":"open","ping_status":"open","sticky":false,"template":"","format":"standard","meta":{"footnotes":""},"categories":[1],"tags":[239,238,161,240,236,237],"class_list":["post-897","post","type-post","status-publish","format-standard","has-post-thumbnail","hentry","category-sem-categoria","tag-alimentos","tag-doacao","tag-empresarios","tag-homenagem","tag-mesabrasil","tag-sescdf"],"_links":{"self":[{"href":"https:\/\/blogs.correiobraziliense.com.br\/capital-sa\/wp-json\/wp\/v2\/posts\/897","targetHints":{"allow":["GET"]}}],"collection":[{"href":"https:\/\/blogs.correiobraziliense.com.br\/capital-sa\/wp-json\/wp\/v2\/posts"}],"about":[{"href":"https:\/\/blogs.correiobraziliense.com.br\/capital-sa\/wp-json\/wp\/v2\/types\/post"}],"author":[{"embeddable":true,"href":"https:\/\/blogs.correiobraziliense.com.br\/capital-sa\/wp-json\/wp\/v2\/users\/125"}],"replies":[{"embeddable":true,"href":"https:\/\/blogs.correiobraziliense.com.br\/capital-sa\/wp-json\/wp\/v2\/comments?post=897"}],"version-history":[{"count":3,"href":"https:\/\/blogs.correiobraziliense.com.br\/capital-sa\/wp-json\/wp\/v2\/posts\/897\/revisions"}],"predecessor-version":[{"id":902,"href":"https:\/\/blogs.correiobraziliense.com.br\/capital-sa\/wp-json\/wp\/v2\/posts\/897\/revisions\/902"}],"wp:featuredmedia":[{"embeddable":true,"href":"https:\/\/blogs.correiobraziliense.com.br\/capital-sa\/wp-json\/wp\/v2\/media\/898"}],"wp:attachment":[{"href":"https:\/\/blogs.correiobraziliense.com.br\/capital-sa\/wp-json\/wp\/v2\/media?parent=897"}],"wp:term":[{"taxonomy":"category","embeddable":true,"href":"https:\/\/blogs.correiobraziliense.com.br\/capital-sa\/wp-json\/wp\/v2\/categories?post=897"},{"taxonomy":"post_tag","embeddable":true,"href":"https:\/\/blogs.correiobraziliense.com.br\/capital-sa\/wp-json\/wp\/v2\/tags?post=897"}],"curies":[{"name":"wp","href":"https:\/\/api.w.org\/{rel}","templated":true}]}}