{"id":8955,"date":"2022-07-26T14:16:59","date_gmt":"2022-07-26T17:16:59","guid":{"rendered":"https:\/\/blogs.correiobraziliense.com.br\/capital-sa\/?p=8955"},"modified":"2022-07-26T15:04:29","modified_gmt":"2022-07-26T18:04:29","slug":"brasilia-innovation-week-impulsiona-conexao-entre-empreendedores","status":"publish","type":"post","link":"https:\/\/blogs.correiobraziliense.com.br\/capital-sa\/2022\/07\/26\/brasilia-innovation-week-impulsiona-conexao-entre-empreendedores\/","title":{"rendered":"Bras\u00edlia Innovation Week impulsiona conex\u00e3o entre empreendedores"},"content":{"rendered":"<div><span style=\"font-size: large\">Por Samanta Sallum\u00a0<\/span><\/div>\n<div><\/div>\n<div>O evento gratuito acontece de 27 a <a href=\"\/\/3\">30 de julho<\/a> e pretende ultrapassar os R$ 10 milh\u00f5es em neg\u00f3cios realizados.\u00a0A 5\u00aa edi\u00e7\u00e3o do Bras\u00edlia Innovation Week (BIW) vai reunir investidores, startups e empreendedores do Distrito Federal e Entorno, no <a href=\"\/\/4\">Centro de Conven\u00e7\u00f5es Ulysses Guimar\u00e3es, para<\/a> aquecer o mercado regional.<\/div>\n<div><\/div>\n<div>\u00a0&#8220;A nossa proposta\u00a0 \u00e9 mostrar para Bras\u00edlia que o tsunami da inova\u00e7\u00e3o est\u00e1 chegando e que a matriz econ\u00f4mica da cidade ser\u00e1, at\u00e9 2030, predominantemente tecnol\u00f3gica&#8221;, aponta Hugo Giallanza, presidente da Brasil Startups.<\/div>\n<div><\/div>\n<div><span style=\"font-size: large\">FAP<\/span><\/div>\n<div><\/div>\n<div><span style=\"font-size: large\">O evento integra o projeto Startup Bras\u00edlia 2030 (SB2030), realizado pela Funda\u00e7\u00e3o de Apoio \u00e0 Pesquisa e Inova\u00e7\u00e3o do Distrito Federal (FAPDF) e executado pela Associa\u00e7\u00e3o das Startups e Empreendedores Digitais (Brasil Startups).\u00a0<\/span>Inscri\u00e7\u00f5es e programa\u00e7\u00e3o:<\/div>\n<div><a href=\"https:\/\/www.sympla.com.br\/5-edicao---brasilia-innovation-week__1655074\" target=\"_blank\" rel=\"noopener\"><span style=\"font-size: large\">https:\/\/www.sympla.com.br\/5-edicao&#8212;brasilia-innovation-week__1655074<\/span><\/a><\/div>\n","protected":false},"excerpt":{"rendered":"<p>Por Samanta Sallum\u00a0 O evento gratuito acontece de 27 a 30 de julho e pretende ultrapassar os R$ 10 milh\u00f5es em neg\u00f3cios realizados.\u00a0A 5\u00aa edi\u00e7\u00e3o do Bras\u00edlia Innovation Week (BIW) vai reunir investidores, startups e empreendedores do Distrito Federal e Entorno, no Centro de Conven\u00e7\u00f5es Ulysses Guimar\u00e3es, para aquecer o mercado regional. \u00a0&#8220;A nossa proposta\u00a0 \u00e9 mostrar para Bras\u00edlia que [&hellip;]<\/p>\n","protected":false},"author":125,"featured_media":8963,"comment_status":"open","ping_status":"open","sticky":false,"template":"","format":"standard","meta":{"footnotes":""},"categories":[6],"tags":[124,1314,141,1315],"class_list":["post-8955","post","type-post","status-publish","format-standard","has-post-thumbnail","hentry","category-coluna-capital-s-a","tag-brasilia","tag-brasiliainnovationweek","tag-evento","tag-startups"],"_links":{"self":[{"href":"https:\/\/blogs.correiobraziliense.com.br\/capital-sa\/wp-json\/wp\/v2\/posts\/8955","targetHints":{"allow":["GET"]}}],"collection":[{"href":"https:\/\/blogs.correiobraziliense.com.br\/capital-sa\/wp-json\/wp\/v2\/posts"}],"about":[{"href":"https:\/\/blogs.correiobraziliense.com.br\/capital-sa\/wp-json\/wp\/v2\/types\/post"}],"author":[{"embeddable":true,"href":"https:\/\/blogs.correiobraziliense.com.br\/capital-sa\/wp-json\/wp\/v2\/users\/125"}],"replies":[{"embeddable":true,"href":"https:\/\/blogs.correiobraziliense.com.br\/capital-sa\/wp-json\/wp\/v2\/comments?post=8955"}],"version-history":[{"count":6,"href":"https:\/\/blogs.correiobraziliense.com.br\/capital-sa\/wp-json\/wp\/v2\/posts\/8955\/revisions"}],"predecessor-version":[{"id":8975,"href":"https:\/\/blogs.correiobraziliense.com.br\/capital-sa\/wp-json\/wp\/v2\/posts\/8955\/revisions\/8975"}],"wp:featuredmedia":[{"embeddable":true,"href":"https:\/\/blogs.correiobraziliense.com.br\/capital-sa\/wp-json\/wp\/v2\/media\/8963"}],"wp:attachment":[{"href":"https:\/\/blogs.correiobraziliense.com.br\/capital-sa\/wp-json\/wp\/v2\/media?parent=8955"}],"wp:term":[{"taxonomy":"category","embeddable":true,"href":"https:\/\/blogs.correiobraziliense.com.br\/capital-sa\/wp-json\/wp\/v2\/categories?post=8955"},{"taxonomy":"post_tag","embeddable":true,"href":"https:\/\/blogs.correiobraziliense.com.br\/capital-sa\/wp-json\/wp\/v2\/tags?post=8955"}],"curies":[{"name":"wp","href":"https:\/\/api.w.org\/{rel}","templated":true}]}}