{"id":8922,"date":"2022-07-22T17:31:47","date_gmt":"2022-07-22T20:31:47","guid":{"rendered":"https:\/\/blogs.correiobraziliense.com.br\/capital-sa\/?p=8922"},"modified":"2022-07-25T11:59:07","modified_gmt":"2022-07-25T14:59:07","slug":"rede-privada-de-laboratorios-esta-em-alerta-para-demanda-de-casos-da-variola-dos-macacos","status":"publish","type":"post","link":"https:\/\/blogs.correiobraziliense.com.br\/capital-sa\/2022\/07\/22\/rede-privada-de-laboratorios-esta-em-alerta-para-demanda-de-casos-da-variola-dos-macacos\/","title":{"rendered":"Rede privada de laborat\u00f3rios est\u00e1 em alerta para demanda de casos da var\u00edola dos macacos"},"content":{"rendered":"<p class=\"p1\">Por Samanta Sallum<\/p>\n<p class=\"p1\"><span class=\"s1\">Os laborat\u00f3rios de an\u00e1lises cl\u00ednicas do DF est\u00e3o se preparando para atender a demanda crescente por exames diagn\u00f3stico para detec\u00e7\u00e3o da var\u00edola dos macacos. Com 12 casos confirmados na regi\u00e3o e a confirma\u00e7\u00e3o de transmiss\u00e3o comunit\u00e1ria,<span class=\"Apple-converted-space\">\u00a0<\/span>tanto a rede p\u00fablica quanto a rede privada est\u00e3o em alerta. O exame para detectar a doen\u00e7a \u00e9 chamado de PCR, similar ao da Covid-19. Os laborat\u00f3rios j\u00e1 come\u00e7aram a ser abastecidos. No momento, apenas 10% da rede privada oferece o teste. Por enquanto, s\u00f3 o Sabin no DF est\u00e1 atendendo a demanda.<\/span><\/p>\n<p class=\"p1\"><span class=\"s1\">A Organiza\u00e7\u00e3o Mundial da Sa\u00fade, a OMS, deve tornar a doen\u00e7a um caso de alerta global. A aquisi\u00e7\u00e3o de<span class=\"Apple-converted-space\">\u00a0<\/span>reagentes para realiza\u00e7\u00e3o dos exames no DF cresceu 2.000% nos \u00faltimos 30 dias em rela\u00e7\u00e3o ao m\u00eas anterior. <\/span><\/p>\n<p class=\"p1\"><span class=\"s1\">&#8220;Com a disparada de casos no pa\u00eds e no DF, devemos<span class=\"Apple-converted-space\">\u00a0<\/span>estar preparados<span class=\"Apple-converted-space\">\u00a0<\/span>para enfrentar a doen\u00e7a.<span class=\"Apple-converted-space\">\u00a0<\/span>Da mesma forma como ocorreu com a Covid-19,<span class=\"Apple-converted-space\">\u00a0 <\/span>a rede privada tem total consci\u00eancia de sua relev\u00e2ncia para o controle epidemiol\u00f3gico na regi\u00e3o em parceria com o setor p\u00fablico&#8221;, explicou o presidente do Sindicato dos Laborat\u00f3rios Particulares do DF, Alexandre Bittencourt.<\/span><\/p>\n<p class=\"p1\"><span class=\"s1\">O aumento da demanda global dever\u00e1 impactar os pre\u00e7os finais ao consumidor. Os pacientes<span class=\"Apple-converted-space\">\u00a0<\/span>hoje est\u00e3o pagando, em m\u00e9dia,<span class=\"Apple-converted-space\">\u00a0<\/span>420 reais pelo exame. \u00c9 prov\u00e1vel que, quando a situa\u00e7\u00e3o se estabilizar e todos os laborat\u00f3rios estiverem oferecendo o exame, o pre\u00e7o caia para 250 reais.<\/span><\/p>\n<p class=\"p1\"><span class=\"s1\">&#8220;Diante da alta transmissibilidade da doen\u00e7a, temos certeza de que as pessoas que suspeitaram estar com a doen\u00e7a v\u00e3o querer receber o diagn\u00f3stico para in\u00edcio do tratamento e realizar o devido isolamento&#8221;, explica.<\/span><\/p>\n","protected":false},"excerpt":{"rendered":"<p>Por Samanta Sallum Os laborat\u00f3rios de an\u00e1lises cl\u00ednicas do DF est\u00e3o se preparando para atender a demanda crescente por exames diagn\u00f3stico para detec\u00e7\u00e3o da var\u00edola dos macacos. Com 12 casos confirmados na regi\u00e3o e a confirma\u00e7\u00e3o de transmiss\u00e3o comunit\u00e1ria,\u00a0tanto a rede p\u00fablica quanto a rede privada est\u00e3o em alerta. O exame para detectar a doen\u00e7a \u00e9 chamado de PCR, similar [&hellip;]<\/p>\n","protected":false},"author":125,"featured_media":8925,"comment_status":"open","ping_status":"open","sticky":false,"template":"","format":"standard","meta":{"footnotes":""},"categories":[6],"tags":[748,1310,1312,440,1313,1311,1309],"class_list":["post-8922","post","type-post","status-publish","format-standard","has-post-thumbnail","hentry","category-coluna-capital-s-a","tag-alerta","tag-doenca","tag-exames","tag-laboratorios","tag-oms","tag-transmissao","tag-varioladosmacacos"],"_links":{"self":[{"href":"https:\/\/blogs.correiobraziliense.com.br\/capital-sa\/wp-json\/wp\/v2\/posts\/8922","targetHints":{"allow":["GET"]}}],"collection":[{"href":"https:\/\/blogs.correiobraziliense.com.br\/capital-sa\/wp-json\/wp\/v2\/posts"}],"about":[{"href":"https:\/\/blogs.correiobraziliense.com.br\/capital-sa\/wp-json\/wp\/v2\/types\/post"}],"author":[{"embeddable":true,"href":"https:\/\/blogs.correiobraziliense.com.br\/capital-sa\/wp-json\/wp\/v2\/users\/125"}],"replies":[{"embeddable":true,"href":"https:\/\/blogs.correiobraziliense.com.br\/capital-sa\/wp-json\/wp\/v2\/comments?post=8922"}],"version-history":[{"count":6,"href":"https:\/\/blogs.correiobraziliense.com.br\/capital-sa\/wp-json\/wp\/v2\/posts\/8922\/revisions"}],"predecessor-version":[{"id":8951,"href":"https:\/\/blogs.correiobraziliense.com.br\/capital-sa\/wp-json\/wp\/v2\/posts\/8922\/revisions\/8951"}],"wp:featuredmedia":[{"embeddable":true,"href":"https:\/\/blogs.correiobraziliense.com.br\/capital-sa\/wp-json\/wp\/v2\/media\/8925"}],"wp:attachment":[{"href":"https:\/\/blogs.correiobraziliense.com.br\/capital-sa\/wp-json\/wp\/v2\/media?parent=8922"}],"wp:term":[{"taxonomy":"category","embeddable":true,"href":"https:\/\/blogs.correiobraziliense.com.br\/capital-sa\/wp-json\/wp\/v2\/categories?post=8922"},{"taxonomy":"post_tag","embeddable":true,"href":"https:\/\/blogs.correiobraziliense.com.br\/capital-sa\/wp-json\/wp\/v2\/tags?post=8922"}],"curies":[{"name":"wp","href":"https:\/\/api.w.org\/{rel}","templated":true}]}}