{"id":8906,"date":"2022-07-22T13:29:12","date_gmt":"2022-07-22T16:29:12","guid":{"rendered":"https:\/\/blogs.correiobraziliense.com.br\/capital-sa\/?p=8906"},"modified":"2022-07-22T13:56:55","modified_gmt":"2022-07-22T16:56:55","slug":"edificios-comerciais-de-brasilia-sao-indicados-ao-selo-cau-por-serem-destaque-da-arquitetura-moderna-confira-a-lista","status":"publish","type":"post","link":"https:\/\/blogs.correiobraziliense.com.br\/capital-sa\/2022\/07\/22\/edificios-comerciais-de-brasilia-sao-indicados-ao-selo-cau-por-serem-destaque-da-arquitetura-moderna-confira-a-lista\/","title":{"rendered":"Edif\u00edcios comerciais de Bras\u00edlia s\u00e3o indicados ao selo CAU por serem destaque da arquitetura moderna. Confira a lista"},"content":{"rendered":"<p class=\"p1\">Por Samanta Sallum<\/p>\n<p class=\"p1\"><span class=\"s1\">O Conselho de Arquitetura e Urbanismo do Distrito Federal, por meio de sua Comiss\u00e3o Tempor\u00e1ria de Patrim\u00f4nio, divulgou os 20 indicados ao\u00a0<\/span><span class=\"s2\">Selo CAU\/DF \u2013 Arquitetura de Bras\u00edlia 2022.\u00a0<\/span><span class=\"s1\">A certifica\u00e7\u00e3o reconhece o valor hist\u00f3rico das edifica\u00e7\u00f5es n\u00e3o monumentais da capital federal \u2013 e de seus autores \u2013, bem como divulga as boas pr\u00e1ticas de conserva\u00e7\u00e3o e manuten\u00e7\u00e3o predial que preservaram a linguagem arquitet\u00f4nica do movimento moderno. Na lista, h\u00e1 edif\u00edcios comerciais, sedes de tribunais e de institui\u00e7\u00f5es. A Escola Superior de Defesa tamb\u00e9m foi indicada (foto abaixo).<\/span><\/p>\n<p><img loading=\"lazy\" decoding=\"async\" class=\"aligncenter size-medium wp-image-8916\" src=\"https:\/\/blogs.correiobraziliense.com.br\/capital-sa\/wp-content\/uploads\/sites\/59\/2022\/07\/E02AE793-CABE-4B5B-9FC3-EB410B77F6EA-300x203.jpeg\" alt=\"\" width=\"300\" height=\"203\" srcset=\"https:\/\/blogs.correiobraziliense.com.br\/capital-sa\/wp-content\/uploads\/sites\/59\/2022\/07\/E02AE793-CABE-4B5B-9FC3-EB410B77F6EA-300x203.jpeg 300w, https:\/\/blogs.correiobraziliense.com.br\/capital-sa\/wp-content\/uploads\/sites\/59\/2022\/07\/E02AE793-CABE-4B5B-9FC3-EB410B77F6EA-550x371.jpeg 550w, https:\/\/blogs.correiobraziliense.com.br\/capital-sa\/wp-content\/uploads\/sites\/59\/2022\/07\/E02AE793-CABE-4B5B-9FC3-EB410B77F6EA-230x155.jpeg 230w, https:\/\/blogs.correiobraziliense.com.br\/capital-sa\/wp-content\/uploads\/sites\/59\/2022\/07\/E02AE793-CABE-4B5B-9FC3-EB410B77F6EA.jpeg 640w\" sizes=\"auto, (max-width: 300px) 100vw, 300px\" \/><\/p>\n<p class=\"p1\"><span class=\"s1\"><b>Dia Nacional do Patrim\u00f4nio <\/b><\/span><\/p>\n<p class=\"p1\"><span class=\"s1\">Em comemora\u00e7\u00e3o ao Dia Nacional do Patrim\u00f4nio Cultural, em 17 de agosto, a entrega do Selo ocorrer\u00e1 entre 15 e 19 do mesmo m\u00eas. Dos 20 finalistas, apenas 10 receber\u00e3o a certifica\u00e7\u00e3o.<\/span><\/p>\n<p class=\"p1\"><span class=\"s1\">Os indicados est\u00e3o localizados nas asas Sul e Norte e no Jardim Bot\u00e2nico.\u00a0<\/span>Para a pesquisa, os integrantes da Comiss\u00e3o Tempor\u00e1ria de Patrim\u00f4nio do CAU\/DF realizaram visitas t\u00e9cnicas em todos os locais. A sede do TRF \u00e9 um dos tribunais finalistas.<\/p>\n<p><img loading=\"lazy\" decoding=\"async\" class=\"aligncenter size-medium wp-image-8918\" src=\"https:\/\/blogs.correiobraziliense.com.br\/capital-sa\/wp-content\/uploads\/sites\/59\/2022\/07\/B7BD33CC-4FD4-4631-B0D6-BE80BB10EE88-300x200.jpeg\" alt=\"\" width=\"300\" height=\"200\" srcset=\"https:\/\/blogs.correiobraziliense.com.br\/capital-sa\/wp-content\/uploads\/sites\/59\/2022\/07\/B7BD33CC-4FD4-4631-B0D6-BE80BB10EE88-300x200.jpeg 300w, https:\/\/blogs.correiobraziliense.com.br\/capital-sa\/wp-content\/uploads\/sites\/59\/2022\/07\/B7BD33CC-4FD4-4631-B0D6-BE80BB10EE88-550x367.jpeg 550w, https:\/\/blogs.correiobraziliense.com.br\/capital-sa\/wp-content\/uploads\/sites\/59\/2022\/07\/B7BD33CC-4FD4-4631-B0D6-BE80BB10EE88-230x153.jpeg 230w, https:\/\/blogs.correiobraziliense.com.br\/capital-sa\/wp-content\/uploads\/sites\/59\/2022\/07\/B7BD33CC-4FD4-4631-B0D6-BE80BB10EE88.jpeg 598w\" sizes=\"auto, (max-width: 300px) 100vw, 300px\" \/><\/p>\n<p class=\"p1\"><span class=\"s1\"><b>Respeito ao projeto original<\/b><\/span><\/p>\n<p class=\"p1\"><span class=\"s1\">O coordenador da grupo, Pedro Grilo, explica que tamb\u00e9m tiveram muita import\u00e2ncia na avalia\u00e7\u00e3o os aspectos como a conserva\u00e7\u00e3o das fachadas, dos pilotis, das \u00e1reas comuns e dos elementos urbanos \u2013 escadas, corrim\u00e3os, rampas de garagem, acessibilidade, cal\u00e7amento do entorno e totens. E se novas interven\u00e7\u00f5es respeitaram o conceito arquitet\u00f4nico dos\u00a0<\/span>projetos.<\/p>\n<p class=\"p1\"><span class=\"s2\">CONHE\u00c7A OS INDICADOS:<\/span><\/p>\n<ul class=\"ul1\">\n<li class=\"li1\"><span class=\"s1\">Ed. BRB (SBS Qd. 1 Bl. E)<\/span><\/li>\n<li class=\"li1\"><span class=\"s1\">CNTI (SEPN 505 Bl. A)<\/span><\/li>\n<li class=\"li1\"><span class=\"s1\">DNIT (SAN Qd. 3 Lt. A)<\/span><\/li>\n<li class=\"li1\"><span class=\"s1\">Ed. Porto Alegre (SEPS 714\/914)<\/span><\/li>\n<li class=\"li1\"><span class=\"s1\">Ed. Camargo Corr\u00eaa (SCS QD. 1 Bl. I)<\/span><\/li>\n<li class=\"li1\"><span class=\"s1\">Ed. Morro Vermelho (SCS Qd. 1 Bl. H)<\/span><\/li>\n<li class=\"li1\"><span class=\"s1\">Ed. Denasa (SCS Qd. 1 Bl K)<\/span><\/li>\n<li class=\"li1\"><span class=\"s1\">Ed. Oscar Niemeyer (SCS Qd. 3 Bl. A)<\/span><\/li>\n<li class=\"li1\"><span class=\"s1\">Pal\u00e1cio do Desenvolvimento (SBN Qd. 1 Bl. D)<\/span><\/li>\n<li class=\"li1\"><span class=\"s1\">Receita Federal (SAS Qd. 3)<\/span><\/li>\n<li class=\"li1\"><span class=\"s1\">Sede 1 do Banco do Brasil (SBS Qd. 1 Bl. A)<\/span><\/li>\n<li class=\"li1\"><span class=\"s1\">Sede dos Correios (SBN Qd.1 Bl. A)<\/span><\/li>\n<li class=\"li1\"><span class=\"s1\">TRF anexo 1 (SAS Qd. 01)<\/span><\/li>\n<li class=\"li1\"><span class=\"s1\">TRF sede 1 (SAS Qd. 03)<\/span><\/li>\n<li class=\"li1\"><span class=\"s1\">TRF Sede 2 (SAS Qd. 02)<\/span><\/li>\n<li class=\"li1\"><span class=\"s1\">TRT Anexo 1 (SAS Q.1 Bl. D)<\/span><\/li>\n<li class=\"li1\"><span class=\"s1\">CLN 111, Bloco A<\/span><\/li>\n<li class=\"li1\"><span class=\"s1\">Ag\u00eancia Nacional de Minera\u00e7\u00e3o (SAUN Q. 1 Bl. B)<\/span><\/li>\n<li class=\"li1\"><span class=\"s1\">Ed. Eldorado (SDS, Bl. D)<\/span><\/li>\n<\/ul>\n<p class=\"p1\"><span class=\"s2\">. Escola Superior de Defesa (Jardim Bot\u00e2nico)<\/span><\/p>\n","protected":false},"excerpt":{"rendered":"<p>Por Samanta Sallum O Conselho de Arquitetura e Urbanismo do Distrito Federal, por meio de sua Comiss\u00e3o Tempor\u00e1ria de Patrim\u00f4nio, divulgou os 20 indicados ao\u00a0Selo CAU\/DF \u2013 Arquitetura de Bras\u00edlia 2022.\u00a0A certifica\u00e7\u00e3o reconhece o valor hist\u00f3rico das edifica\u00e7\u00f5es n\u00e3o monumentais da capital federal \u2013 e de seus autores \u2013, bem como divulga as boas pr\u00e1ticas de conserva\u00e7\u00e3o e manuten\u00e7\u00e3o predial [&hellip;]<\/p>\n","protected":false},"author":125,"featured_media":8914,"comment_status":"open","ping_status":"open","sticky":false,"template":"","format":"standard","meta":{"footnotes":""},"categories":[6],"tags":[92,1303,1305,1304,1306,260],"class_list":["post-8906","post","type-post","status-publish","format-standard","has-post-thumbnail","hentry","category-coluna-capital-s-a","tag-arquitetura","tag-cau","tag-edificios","tag-indicados","tag-patrimonio","tag-selo"],"_links":{"self":[{"href":"https:\/\/blogs.correiobraziliense.com.br\/capital-sa\/wp-json\/wp\/v2\/posts\/8906","targetHints":{"allow":["GET"]}}],"collection":[{"href":"https:\/\/blogs.correiobraziliense.com.br\/capital-sa\/wp-json\/wp\/v2\/posts"}],"about":[{"href":"https:\/\/blogs.correiobraziliense.com.br\/capital-sa\/wp-json\/wp\/v2\/types\/post"}],"author":[{"embeddable":true,"href":"https:\/\/blogs.correiobraziliense.com.br\/capital-sa\/wp-json\/wp\/v2\/users\/125"}],"replies":[{"embeddable":true,"href":"https:\/\/blogs.correiobraziliense.com.br\/capital-sa\/wp-json\/wp\/v2\/comments?post=8906"}],"version-history":[{"count":12,"href":"https:\/\/blogs.correiobraziliense.com.br\/capital-sa\/wp-json\/wp\/v2\/posts\/8906\/revisions"}],"predecessor-version":[{"id":8921,"href":"https:\/\/blogs.correiobraziliense.com.br\/capital-sa\/wp-json\/wp\/v2\/posts\/8906\/revisions\/8921"}],"wp:featuredmedia":[{"embeddable":true,"href":"https:\/\/blogs.correiobraziliense.com.br\/capital-sa\/wp-json\/wp\/v2\/media\/8914"}],"wp:attachment":[{"href":"https:\/\/blogs.correiobraziliense.com.br\/capital-sa\/wp-json\/wp\/v2\/media?parent=8906"}],"wp:term":[{"taxonomy":"category","embeddable":true,"href":"https:\/\/blogs.correiobraziliense.com.br\/capital-sa\/wp-json\/wp\/v2\/categories?post=8906"},{"taxonomy":"post_tag","embeddable":true,"href":"https:\/\/blogs.correiobraziliense.com.br\/capital-sa\/wp-json\/wp\/v2\/tags?post=8906"}],"curies":[{"name":"wp","href":"https:\/\/api.w.org\/{rel}","templated":true}]}}