{"id":89,"date":"2020-10-01T18:16:58","date_gmt":"2020-10-01T21:16:58","guid":{"rendered":"https:\/\/blogs.correiobraziliense.com.br\/capital-sa\/?p=89"},"modified":"2020-10-01T18:16:58","modified_gmt":"2020-10-01T21:16:58","slug":"dona-de-oficina-mecanica-e-finalista-em-premio-da-onu","status":"publish","type":"post","link":"https:\/\/blogs.correiobraziliense.com.br\/capital-sa\/2020\/10\/01\/dona-de-oficina-mecanica-e-finalista-em-premio-da-onu\/","title":{"rendered":"Dona de Oficina Mec\u00e2nica \u00e9 finalista em pr\u00eamio da ONU"},"content":{"rendered":"<div><\/div>\n<div><\/div>\n<div><span style=\"font-size: large\"><img loading=\"lazy\" decoding=\"async\" class=\"size-medium wp-image-95 alignleft\" src=\"https:\/\/blogs.correiobraziliense.com.br\/capital-sa\/wp-content\/uploads\/sites\/59\/2020\/10\/83efc718-01fc-4a94-a7ee-387a80ff8e31-235x300.jpg\" alt=\"\" width=\"235\" height=\"300\" srcset=\"https:\/\/blogs.correiobraziliense.com.br\/capital-sa\/wp-content\/uploads\/sites\/59\/2020\/10\/83efc718-01fc-4a94-a7ee-387a80ff8e31-235x300.jpg 235w, https:\/\/blogs.correiobraziliense.com.br\/capital-sa\/wp-content\/uploads\/sites\/59\/2020\/10\/83efc718-01fc-4a94-a7ee-387a80ff8e31-768x979.jpg 768w, https:\/\/blogs.correiobraziliense.com.br\/capital-sa\/wp-content\/uploads\/sites\/59\/2020\/10\/83efc718-01fc-4a94-a7ee-387a80ff8e31-550x701.jpg 550w, https:\/\/blogs.correiobraziliense.com.br\/capital-sa\/wp-content\/uploads\/sites\/59\/2020\/10\/83efc718-01fc-4a94-a7ee-387a80ff8e31-230x293.jpg 230w, https:\/\/blogs.correiobraziliense.com.br\/capital-sa\/wp-content\/uploads\/sites\/59\/2020\/10\/83efc718-01fc-4a94-a7ee-387a80ff8e31.jpg 796w\" sizes=\"auto, (max-width: 235px) 100vw, 235px\" \/><\/span><span style=\"font-size: large\">Agda Oliver, 40 anos, est\u00e1 entre as finalistas de pr\u00eamio da ONU para mulheres empreendedoras. Ela \u00e9 dona da oficina Meu Mec\u00e2nico e pode ser a primeira brasileira campe\u00e3 da premia\u00e7\u00e3o. \u00c9\u00a0uma das dez finalistas do Empretec Women in Business Awards.<\/span><\/div>\n<div><span style=\"font-size: large\"><br \/>\nO evento ser\u00e1 em dezembro, em Abu Dhabi, nos Emirados \u00c1rabes Unidos.\u00a0<\/span>Al\u00e9m do Brasil, outros nove pa\u00edses estar\u00e3o representados na cerim\u00f4nia. \u201cEstou em \u00eaxtase e muito emocionada por estar entre as finalistas. Sei que o fato de estar l\u00e1 j\u00e1 \u00e9 bastante positivo, mas eu quero ganhar. Quero muito trazer essa premia\u00e7\u00e3o internacional para o Brasil\u201d, conta Agda.<\/div>\n<div><span style=\"font-size: large\"><br \/>\nA empres\u00e1ria de Bras\u00edlia foi selecionada dentro de um universo formado por cerca de 40 empreendedoras de todo o Brasil. Abriu o neg\u00f3cio com o apoio do Sebrae\/DF. O pr\u00eamio \u00e9 uma iniciativa\u00a0<\/span>\u00a0d<span style=\"font-size: large\">a Confer\u00eancia das Na\u00e7\u00f5es Unidas sobre Com\u00e9rcio e Desenvolvimento (Unctad), reconhece o empenho e a dedica\u00e7\u00e3o de mulheres empreendedoras que transformaram as comunidades em que suas empresas est\u00e3o inseridas.\u00a0<\/span><\/div>\n<div><span style=\"font-size: large\">\u00a0<\/span><\/div>\n<div><strong><span style=\"font-size: large\">Feiti\u00e7o contra o feiticeiro\u00a0<\/span><\/strong><\/div>\n<div><strong>\u00b4\u00b4Tentaram me enrolar uma vez na oficina. Depois disso, decidi virar mec\u00e2nica e atendo, na maioria mulheres. Mas os homens tamb\u00e9m confiam no meu trabalho\u00b4\u00b4, conta.<\/strong><\/div>\n<div><span style=\"font-size: large\">\u00a0<\/span><\/div>\n<div>Mineira, ela veio para a capital federal no in\u00edcio dos anos 2000 e trabalhou em \u00e1reas at\u00e9 ent\u00e3o dominadas pela presen\u00e7a masculina, como postos de combust\u00edveis, hipermercados e institui\u00e7\u00f5es banc\u00e1rias.\u00a0A vontade de abrir um neg\u00f3cio pr\u00f3prio sempre a acompanhou e aumentou depois de ela ter sido enganada em uma oficina mec\u00e2nica. A partir do epis\u00f3dio, come\u00e7ou a estudar conceitos de mec\u00e2nica e a pesquisar sobre o pr\u00f3prio carro.<\/div>\n<div><span style=\"font-size: large\">\u00a0<\/span><\/div>\n<div><span style=\"font-size: large\">A oficina\u00a0 na Avenida Elmo Serejo, em Ceil\u00e2ndia Sul cresceu e fidelizou clientes no DF, em Goi\u00e1s e se tornou refer\u00eancia para o p\u00fablico feminino, que representa cerca de 70% de toda a clientela de Agda. A estimativa da empreendedora \u00e9 que cerca de 300 clientes por m\u00eas confiam seus ve\u00edculos \u00e0 Meu Mec\u00e2nico.<\/span><\/div>\n","protected":false},"excerpt":{"rendered":"<p>Agda Oliver, 40 anos, est\u00e1 entre as finalistas de pr\u00eamio da ONU para mulheres empreendedoras. Ela \u00e9 dona da oficina Meu Mec\u00e2nico e pode ser a primeira brasileira campe\u00e3 da premia\u00e7\u00e3o. \u00c9\u00a0uma das dez finalistas do Empretec Women in Business Awards. O evento ser\u00e1 em dezembro, em Abu Dhabi, nos Emirados \u00c1rabes Unidos.\u00a0Al\u00e9m do Brasil, outros nove pa\u00edses estar\u00e3o representados [&hellip;]<\/p>\n","protected":false},"author":125,"featured_media":0,"comment_status":"open","ping_status":"open","sticky":false,"template":"","format":"standard","meta":{"footnotes":""},"categories":[1],"tags":[],"class_list":["post-89","post","type-post","status-publish","format-standard","hentry","category-sem-categoria"],"_links":{"self":[{"href":"https:\/\/blogs.correiobraziliense.com.br\/capital-sa\/wp-json\/wp\/v2\/posts\/89","targetHints":{"allow":["GET"]}}],"collection":[{"href":"https:\/\/blogs.correiobraziliense.com.br\/capital-sa\/wp-json\/wp\/v2\/posts"}],"about":[{"href":"https:\/\/blogs.correiobraziliense.com.br\/capital-sa\/wp-json\/wp\/v2\/types\/post"}],"author":[{"embeddable":true,"href":"https:\/\/blogs.correiobraziliense.com.br\/capital-sa\/wp-json\/wp\/v2\/users\/125"}],"replies":[{"embeddable":true,"href":"https:\/\/blogs.correiobraziliense.com.br\/capital-sa\/wp-json\/wp\/v2\/comments?post=89"}],"version-history":[{"count":6,"href":"https:\/\/blogs.correiobraziliense.com.br\/capital-sa\/wp-json\/wp\/v2\/posts\/89\/revisions"}],"predecessor-version":[{"id":99,"href":"https:\/\/blogs.correiobraziliense.com.br\/capital-sa\/wp-json\/wp\/v2\/posts\/89\/revisions\/99"}],"wp:attachment":[{"href":"https:\/\/blogs.correiobraziliense.com.br\/capital-sa\/wp-json\/wp\/v2\/media?parent=89"}],"wp:term":[{"taxonomy":"category","embeddable":true,"href":"https:\/\/blogs.correiobraziliense.com.br\/capital-sa\/wp-json\/wp\/v2\/categories?post=89"},{"taxonomy":"post_tag","embeddable":true,"href":"https:\/\/blogs.correiobraziliense.com.br\/capital-sa\/wp-json\/wp\/v2\/tags?post=89"}],"curies":[{"name":"wp","href":"https:\/\/api.w.org\/{rel}","templated":true}]}}