{"id":8893,"date":"2022-07-21T13:53:15","date_gmt":"2022-07-21T16:53:15","guid":{"rendered":"https:\/\/blogs.correiobraziliense.com.br\/capital-sa\/?p=8893"},"modified":"2022-07-21T18:11:42","modified_gmt":"2022-07-21T21:11:42","slug":"cade-recebe-denuncias-contra-fusao-da-rede-d-or-com-a-sul-america","status":"publish","type":"post","link":"https:\/\/blogs.correiobraziliense.com.br\/capital-sa\/2022\/07\/21\/cade-recebe-denuncias-contra-fusao-da-rede-d-or-com-a-sul-america\/","title":{"rendered":"Cade recebe den\u00fancias contra fus\u00e3o da Rede D\u2019Or com a SulAm\u00e9rica"},"content":{"rendered":"<p class=\"p1\" style=\"text-align: left\">Por Samanta Sallum<\/p>\n<p class=\"p1\"><span class=\"s1\">A compra da SulAm\u00e9rica pela Rede D\u2019Or provocou um rebuli\u00e7o no mercado de assist\u00eancia de sa\u00fade privada no pa\u00eds. A opera\u00e7\u00e3o est\u00e1 sob an\u00e1lise do Conselho Administrativo de Defesa Econ\u00f4mica (Cade). Se aprovada, unir\u00e1 uma rede hospitalar e de laborat\u00f3rios com ampla cobertura nacional com uma gigante operadora. O neg\u00f3cio \u00e9 alvo de den\u00fancias por outros grandes hospitais e administradoras de planos, porque representa, segundo eles, concorr\u00eancia desleal. Apontam que as empresas envolvidas v\u00e3o dominar a cadeia de ponta a ponta.<br \/>\n<\/span><\/p>\n<p class=\"p1\"><span class=\"s1\">O que mais provoca questionamento \u00e9 a rela\u00e7\u00e3o da Rede D\u2019Or com a administradora Qualicorp. A concentra\u00e7\u00e3o das atividades comerciais do setor \u00e9 alvo de cr\u00edticas.\u00a0<\/span><\/p>\n<p class=\"p1\"><span class=\"s1\"><b>Simbiose<\/b><\/span><\/p>\n<p class=\"p1\"><span class=\"s1\">O an\u00fancio da compra\u00a0foi em fevereiro, mas a cada dia ganha novos contornos. Processo no Cade sobre a transa\u00e7\u00e3o, que a coluna teve acesso, aponta que\u00a0a diretoria da Qualicorp \u00e9 formada por funcion\u00e1rios ou ex-funcion\u00e1rios da Rede D\u2019Or.\u00a0\u00a0<\/span><\/p>\n<p class=\"p1\"><span class=\"s1\"><b>Direcionamento<\/b><\/span><\/p>\n<p class=\"p1\"><span class=\"s1\">\u00c9 avaliado pelo Cade se haver\u00e1 danos aos assegurados no sentido de n\u00e3o terem op\u00e7\u00f5es mais diversificadas de atendimento e de pre\u00e7os de ades\u00e3o\u00a0com o novo conglomerado do setor.<\/span><\/p>\n<p class=\"p1\"><span class=\"s1\">O \u00a0volume de clientes do mercado de sa\u00fade complementar no Brasil chega a 45 milh\u00f5es de pessoas.<\/span><\/p>\n<p class=\"p1\"><span class=\"s1\">A ANS chegou a emitir\u00a0nota questionando\u00a0a opera\u00e7\u00e3o. Segundo a RN 515\/2022 da ag\u00eancia: \u00a0\u201cA\u00a0\u00a0Administradora de Benef\u00edcios n\u00e3o poder\u00e1 <\/span><span class=\"s1\">ter rede pr\u00f3pria, credenciada ou referenciada de servi\u00e7os m\u00e9dico-hospitalares ou odontol\u00f3gicos, para oferecer aos benefici\u00e1rios da pessoa jur\u00eddica contratante.\u00a0\u00c9 vedada a participa\u00e7\u00e3o de Administradora de Benef\u00edcios e Operadora de Plano de Assist\u00eancia \u00e0 Sa\u00fade pertencentes ao mesmo grupo econ\u00f4mico em uma mesma rela\u00e7\u00e3o contratual\u201d.<br \/>\n<\/span><\/p>\n<p class=\"p1\"><span class=\"s1\">Os hospitais\u00a0Albert Einstein,\u00a0Benefic\u00eancia Portuguesa, S\u00edrio Liban\u00eas, entre outros, e a administradora SuperMed\u00a0entraram como terceiras\u00a0interessadas no Cade. O volume de reclama\u00e7\u00f5es contra a compra da Sul<\/span><span class=\"s1\">Am\u00e9rica pela Rede D\u2019Or chama a\u00a0<\/span><span class=\"s1\">aten\u00e7\u00e3o. O grupo afirma, no entanto, que n\u00e3o tem participa\u00e7\u00e3o na Qualicorp e que, assim, n\u00e3o est\u00e1 concentrando atividades do setor.<\/span><\/p>\n","protected":false},"excerpt":{"rendered":"<p>Por Samanta Sallum A compra da SulAm\u00e9rica pela Rede D\u2019Or provocou um rebuli\u00e7o no mercado de assist\u00eancia de sa\u00fade privada no pa\u00eds. A opera\u00e7\u00e3o est\u00e1 sob an\u00e1lise do Conselho Administrativo de Defesa Econ\u00f4mica (Cade). Se aprovada, unir\u00e1 uma rede hospitalar e de laborat\u00f3rios com ampla cobertura nacional com uma gigante operadora. O neg\u00f3cio \u00e9 alvo de den\u00fancias por outros grandes [&hellip;]<\/p>\n","protected":false},"author":125,"featured_media":0,"comment_status":"open","ping_status":"open","sticky":false,"template":"","format":"standard","meta":{"footnotes":""},"categories":[6],"tags":[1299,1300,1302,1301,1297,1298,1296],"class_list":["post-8893","post","type-post","status-publish","format-standard","hentry","category-coluna-capital-s-a","tag-cade","tag-conglomerado","tag-fusao","tag-planosdesaude","tag-qualicorp","tag-rededor","tag-sulamerica"],"_links":{"self":[{"href":"https:\/\/blogs.correiobraziliense.com.br\/capital-sa\/wp-json\/wp\/v2\/posts\/8893","targetHints":{"allow":["GET"]}}],"collection":[{"href":"https:\/\/blogs.correiobraziliense.com.br\/capital-sa\/wp-json\/wp\/v2\/posts"}],"about":[{"href":"https:\/\/blogs.correiobraziliense.com.br\/capital-sa\/wp-json\/wp\/v2\/types\/post"}],"author":[{"embeddable":true,"href":"https:\/\/blogs.correiobraziliense.com.br\/capital-sa\/wp-json\/wp\/v2\/users\/125"}],"replies":[{"embeddable":true,"href":"https:\/\/blogs.correiobraziliense.com.br\/capital-sa\/wp-json\/wp\/v2\/comments?post=8893"}],"version-history":[{"count":7,"href":"https:\/\/blogs.correiobraziliense.com.br\/capital-sa\/wp-json\/wp\/v2\/posts\/8893\/revisions"}],"predecessor-version":[{"id":8904,"href":"https:\/\/blogs.correiobraziliense.com.br\/capital-sa\/wp-json\/wp\/v2\/posts\/8893\/revisions\/8904"}],"wp:attachment":[{"href":"https:\/\/blogs.correiobraziliense.com.br\/capital-sa\/wp-json\/wp\/v2\/media?parent=8893"}],"wp:term":[{"taxonomy":"category","embeddable":true,"href":"https:\/\/blogs.correiobraziliense.com.br\/capital-sa\/wp-json\/wp\/v2\/categories?post=8893"},{"taxonomy":"post_tag","embeddable":true,"href":"https:\/\/blogs.correiobraziliense.com.br\/capital-sa\/wp-json\/wp\/v2\/tags?post=8893"}],"curies":[{"name":"wp","href":"https:\/\/api.w.org\/{rel}","templated":true}]}}