{"id":8887,"date":"2022-07-21T14:46:28","date_gmt":"2022-07-21T17:46:28","guid":{"rendered":"https:\/\/blogs.correiobraziliense.com.br\/capital-sa\/?p=8887"},"modified":"2022-07-21T17:52:07","modified_gmt":"2022-07-21T20:52:07","slug":"mercado-imobiliario-apoia-projeto-de-isencao-de-imposto-sobre-alugueis-residenciais","status":"publish","type":"post","link":"https:\/\/blogs.correiobraziliense.com.br\/capital-sa\/2022\/07\/21\/mercado-imobiliario-apoia-projeto-de-isencao-de-imposto-sobre-alugueis-residenciais\/","title":{"rendered":"Mercado imobili\u00e1rio apoia projeto de isen\u00e7\u00e3o de imposto sobre alugu\u00e9is residenciais"},"content":{"rendered":"<p class=\"p1\">Por Samanta Sallum<\/p>\n<p class=\"p1\"><span class=\"s1\">A\u00a0Comiss\u00e3o de Assuntos Econ\u00f4micos do Senado aprovou, no in\u00edcio de julho, projeto de lei (PL 709\/2022) que\u00a0isenta do Imposto de Renda da Pessoa F\u00edsica os ganhos com alugu\u00e9is de im\u00f3veis residenciais. O benef\u00edcio \u00e9 limitado apenas a uma propriedade geradora de renda.\u00a0O projeto tamb\u00e9m permite ao inquilino a dedu\u00e7\u00e3o no IRPF dos valores pagos pelo aluguel. A medida ter\u00e1 validade apenas at\u00e9 2027 e n\u00e3o permite a dedu\u00e7\u00e3o com\u00a0taxas de condom\u00ednio e IPTU.<br \/>\n<\/span><\/p>\n<p class=\"p1\"><span class=\"s1\">De autoria do senador Alexandre Silveira (PSD-MG), segue para a C\u00e2mara dos Deputados. H\u00e1 grande expectativa do mercado imobili\u00e1rio pela aprecia\u00e7\u00e3o final da proposta no Congresso.<\/span><\/p>\n<p class=\"p1\"><span class=\"s1\"><b>Aumento de arrecada\u00e7\u00e3o<\/b><\/span><\/p>\n<p class=\"p1\"><span class=\"s1\">Analistas do setor avaliam que o projeto \u00e9 bom para os inquilinos, locat\u00e1rios e para o Estado, que poder\u00e1 aumentar a arrecada\u00e7\u00e3o. A medida seria um incentivo a tirar da informalidade contratos de aluguel em que n\u00e3o s\u00e3o declarados os rendimentos.<\/span><\/p>\n<p class=\"p1\"><span class=\"s1\"><b>Receita Federal<\/b><\/span><\/p>\n<p class=\"p1\"><span class=\"s1\">As imobili\u00e1rias acreditam que v\u00e3o ganhar mais clientes, pois os inquilinos far\u00e3o quest\u00e3o de declarar o pagamento do aluguel para poder obter a dedu\u00e7\u00e3o do IR. H\u00e1 propriet\u00e1rios que n\u00e3o optam pelos servi\u00e7os das imobili\u00e1rias, j\u00e1 que elas todo ano entregam \u00e0 Receita Federal o demonstrativo dos contratos para cruzamento de dados. \u00c9 uma norma legal a que est\u00e3o subordinadas.<\/span><\/p>\n<p class=\"p1\"><span class=\"s1\"><b>Para aliviar o bolso das fam\u00edlias<\/b><\/span><\/p>\n<p class=\"p1\"><span class=\"s1\">\u201cA maior despesa das fam\u00edlias brasileiras \u00e9 com o aluguel. O projeto \u00e9 positivo em aliviar o bolso dos inquilinos num momento em que ainda se sentem os efeitos da crise econ\u00f4mica causada pela pandemia. E incentiva tamb\u00e9m quem quer investir em im\u00f3vel para ter uma renda extra\u201d, explica Eduardo Pereira da Silva, vice-presidente de Assuntos Legislativos e Tribut\u00e1rios do Sindicato das Imobili\u00e1rias do DF (Secovi).<br \/>\n<\/span><\/p>\n<p class=\"p1\"><span class=\"s1\">\u201cEssa \u00e9 uma demanda antiga do setor. A lei vai ajudar a reduzir tamb\u00e9m o d\u00e9ficit habitacional com maior oferta de alugu\u00e9is. E tamb\u00e9m aquece a constru\u00e7\u00e3o civil, que gera emprego e renda. Ou seja, todos ganham\u201d, refor\u00e7a Ov\u00eddio Maia, presidente da entidade.\u00a0<\/span><\/p>\n<p class=\"p1\"><span class=\"s1\">\u00a0<\/span><\/p>\n","protected":false},"excerpt":{"rendered":"<p>Por Samanta Sallum A\u00a0Comiss\u00e3o de Assuntos Econ\u00f4micos do Senado aprovou, no in\u00edcio de julho, projeto de lei (PL 709\/2022) que\u00a0isenta do Imposto de Renda da Pessoa F\u00edsica os ganhos com alugu\u00e9is de im\u00f3veis residenciais. O benef\u00edcio \u00e9 limitado apenas a uma propriedade geradora de renda.\u00a0O projeto tamb\u00e9m permite ao inquilino a dedu\u00e7\u00e3o no IRPF dos valores pagos pelo aluguel. A [&hellip;]<\/p>\n","protected":false},"author":125,"featured_media":8898,"comment_status":"open","ping_status":"open","sticky":false,"template":"","format":"standard","meta":{"footnotes":""},"categories":[6],"tags":[1174,1293,575,1292,497,930,1295,1294],"class_list":["post-8887","post","type-post","status-publish","format-standard","has-post-thumbnail","hentry","category-coluna-capital-s-a","tag-aluguel","tag-impostoderenda","tag-incentivo","tag-ir","tag-isencao","tag-projetodelei","tag-receitafederal","tag-secovi"],"_links":{"self":[{"href":"https:\/\/blogs.correiobraziliense.com.br\/capital-sa\/wp-json\/wp\/v2\/posts\/8887","targetHints":{"allow":["GET"]}}],"collection":[{"href":"https:\/\/blogs.correiobraziliense.com.br\/capital-sa\/wp-json\/wp\/v2\/posts"}],"about":[{"href":"https:\/\/blogs.correiobraziliense.com.br\/capital-sa\/wp-json\/wp\/v2\/types\/post"}],"author":[{"embeddable":true,"href":"https:\/\/blogs.correiobraziliense.com.br\/capital-sa\/wp-json\/wp\/v2\/users\/125"}],"replies":[{"embeddable":true,"href":"https:\/\/blogs.correiobraziliense.com.br\/capital-sa\/wp-json\/wp\/v2\/comments?post=8887"}],"version-history":[{"count":7,"href":"https:\/\/blogs.correiobraziliense.com.br\/capital-sa\/wp-json\/wp\/v2\/posts\/8887\/revisions"}],"predecessor-version":[{"id":8901,"href":"https:\/\/blogs.correiobraziliense.com.br\/capital-sa\/wp-json\/wp\/v2\/posts\/8887\/revisions\/8901"}],"wp:featuredmedia":[{"embeddable":true,"href":"https:\/\/blogs.correiobraziliense.com.br\/capital-sa\/wp-json\/wp\/v2\/media\/8898"}],"wp:attachment":[{"href":"https:\/\/blogs.correiobraziliense.com.br\/capital-sa\/wp-json\/wp\/v2\/media?parent=8887"}],"wp:term":[{"taxonomy":"category","embeddable":true,"href":"https:\/\/blogs.correiobraziliense.com.br\/capital-sa\/wp-json\/wp\/v2\/categories?post=8887"},{"taxonomy":"post_tag","embeddable":true,"href":"https:\/\/blogs.correiobraziliense.com.br\/capital-sa\/wp-json\/wp\/v2\/tags?post=8887"}],"curies":[{"name":"wp","href":"https:\/\/api.w.org\/{rel}","templated":true}]}}