{"id":8862,"date":"2022-07-20T13:42:09","date_gmt":"2022-07-20T16:42:09","guid":{"rendered":"https:\/\/blogs.correiobraziliense.com.br\/capital-sa\/?p=8862"},"modified":"2022-07-20T14:11:15","modified_gmt":"2022-07-20T17:11:15","slug":"pandemia-gerou-escassez-de-profissionais-para-o-setor-de-beleza","status":"publish","type":"post","link":"https:\/\/blogs.correiobraziliense.com.br\/capital-sa\/2022\/07\/20\/pandemia-gerou-escassez-de-profissionais-para-o-setor-de-beleza\/","title":{"rendered":"Pandemia gerou escassez de profissionais para o setor de beleza"},"content":{"rendered":"<div>\n<p><span style=\"font-size: large\">Por Samanta Sallum<\/span><\/p>\n<p><span style=\"font-size: large\">Segundo pesquisa da Associa\u00e7\u00e3o Brasileira de Sal\u00f5es de Beleza (ABSB) em parceria com o Sebrae, 44% dos estabelecimentos do setor ainda n\u00e3o conseguiram repor a equipe aos padr\u00f5es do per\u00edodo pr\u00e9-pandemia. O presidente da ABSB, Jos\u00e9 Augusto Nascimento dos Santos, participou de reuni\u00e3o com a ministra da Mulher, da Fam\u00edlia e dos Direitos Humanos, Cristiane Britto, e a Coordenadora Nacional do Setor de Beleza e Cosm\u00e9ticos do Sebrae, Andrezza Cintra Torres, para tratar de incentivos \u00e0 forma\u00e7\u00e3o de profissionais de beleza para o mercado brasileiro.<\/span><\/p>\n<\/div>\n<div>\n<p><b>Acordo de coopera\u00e7\u00e3o\u00a0<\/b><\/p>\n<\/div>\n<div><span style=\"font-size: large\">Est\u00e1 sendo elaborado um acordo de coopera\u00e7\u00e3o para apoio a forma\u00e7\u00f5es de novos profissionais de modo subsidiado. Cerca de 70% da for\u00e7a de trabalho \u00e9 feminina, e 92% das profissionais t\u00eam na atividade a principal renda familiar.<\/span><\/div>\n<div>\u201cEstamos sem m\u00e3o de obra jovem entrando no mercado. Por isso, precisamos fomentar essa forma\u00e7\u00e3o de manicures e cabeleireiros com urg\u00eancia para repor os postos de atendimento em sal\u00f5es de beleza\u201d, diz o presidente da ABSB.<\/div>\n<div><\/div>\n","protected":false},"excerpt":{"rendered":"<p>Por Samanta Sallum Segundo pesquisa da Associa\u00e7\u00e3o Brasileira de Sal\u00f5es de Beleza (ABSB) em parceria com o Sebrae, 44% dos estabelecimentos do setor ainda n\u00e3o conseguiram repor a equipe aos padr\u00f5es do per\u00edodo pr\u00e9-pandemia. O presidente da ABSB, Jos\u00e9 Augusto Nascimento dos Santos, participou de reuni\u00e3o com a ministra da Mulher, da Fam\u00edlia e dos Direitos Humanos, Cristiane Britto, e [&hellip;]<\/p>\n","protected":false},"author":125,"featured_media":8870,"comment_status":"open","ping_status":"open","sticky":false,"template":"","format":"standard","meta":{"footnotes":""},"categories":[6],"tags":[1284,1285,1234,1283,1282,483,5,50],"class_list":["post-8862","post","type-post","status-publish","format-standard","has-post-thumbnail","hentry","category-coluna-capital-s-a","tag-absb","tag-acordo","tag-beleza","tag-cooperacao","tag-formacao","tag-setor","tag-pandemia","tag-sebrae"],"_links":{"self":[{"href":"https:\/\/blogs.correiobraziliense.com.br\/capital-sa\/wp-json\/wp\/v2\/posts\/8862","targetHints":{"allow":["GET"]}}],"collection":[{"href":"https:\/\/blogs.correiobraziliense.com.br\/capital-sa\/wp-json\/wp\/v2\/posts"}],"about":[{"href":"https:\/\/blogs.correiobraziliense.com.br\/capital-sa\/wp-json\/wp\/v2\/types\/post"}],"author":[{"embeddable":true,"href":"https:\/\/blogs.correiobraziliense.com.br\/capital-sa\/wp-json\/wp\/v2\/users\/125"}],"replies":[{"embeddable":true,"href":"https:\/\/blogs.correiobraziliense.com.br\/capital-sa\/wp-json\/wp\/v2\/comments?post=8862"}],"version-history":[{"count":10,"href":"https:\/\/blogs.correiobraziliense.com.br\/capital-sa\/wp-json\/wp\/v2\/posts\/8862\/revisions"}],"predecessor-version":[{"id":8878,"href":"https:\/\/blogs.correiobraziliense.com.br\/capital-sa\/wp-json\/wp\/v2\/posts\/8862\/revisions\/8878"}],"wp:featuredmedia":[{"embeddable":true,"href":"https:\/\/blogs.correiobraziliense.com.br\/capital-sa\/wp-json\/wp\/v2\/media\/8870"}],"wp:attachment":[{"href":"https:\/\/blogs.correiobraziliense.com.br\/capital-sa\/wp-json\/wp\/v2\/media?parent=8862"}],"wp:term":[{"taxonomy":"category","embeddable":true,"href":"https:\/\/blogs.correiobraziliense.com.br\/capital-sa\/wp-json\/wp\/v2\/categories?post=8862"},{"taxonomy":"post_tag","embeddable":true,"href":"https:\/\/blogs.correiobraziliense.com.br\/capital-sa\/wp-json\/wp\/v2\/tags?post=8862"}],"curies":[{"name":"wp","href":"https:\/\/api.w.org\/{rel}","templated":true}]}}