{"id":8836,"date":"2022-07-19T16:53:33","date_gmt":"2022-07-19T19:53:33","guid":{"rendered":"https:\/\/blogs.correiobraziliense.com.br\/capital-sa\/?p=8836"},"modified":"2022-07-19T22:12:36","modified_gmt":"2022-07-20T01:12:36","slug":"uniao-nacional-de-entidades-do-comercio-e-servico-vai-realizar-debate-com-candidatos-a-presidencia","status":"publish","type":"post","link":"https:\/\/blogs.correiobraziliense.com.br\/capital-sa\/2022\/07\/19\/uniao-nacional-de-entidades-do-comercio-e-servico-vai-realizar-debate-com-candidatos-a-presidencia\/","title":{"rendered":"Uni\u00e3o Nacional de Entidades do Com\u00e9rcio e Servi\u00e7os vai reunir, em Bras\u00edlia, candidatos \u00e0 Presid\u00eancia"},"content":{"rendered":"<p>Luiz In\u00e1cio Lula da Silva, Simone Tebet, Ciro Gomes e Jair Bolsonaro est\u00e3o entre os convidados do evento Di\u00e1logo com os candidatos \u00e0 Presid\u00eancia da Rep\u00fablica, em 30 de agosto, em Bras\u00edlia. Ser\u00e1 promovido pela\u00a0Uni\u00e3o Nacional de Entidades do Com\u00e9rcio e Servi\u00e7os (Unecs).<\/p>\n<p>O setor \u00e9 respons\u00e1vel por 73% do PIB brasileiro; 65% das opera\u00e7\u00f5es de cr\u00e9dito e d\u00e9bito no pa\u00eds e pela gera\u00e7\u00e3o de 27 milh\u00f5es de empregos diretos.<\/p>\n<p>Mais de 400 l\u00edderes e empres\u00e1rios receber\u00e3o, no Centro de Conven\u00e7\u00f5es Brasil 21, os candidatos mais bem posicionados nas pesquisas de opini\u00e3o para as elei\u00e7\u00f5es de outubro. O evento ser\u00e1 transmitido ao vivo para todo o Brasil pelas entidades que comp\u00f5em a Unecs.<\/p>\n<p>Cada presidenci\u00e1vel ter\u00e1 45\u00a0minutos para apresentar suas ideias, separadamente dentro de blocos tem\u00e1ticos a serem definidos.<\/p>\n<p>Criada em 2014, a Uni\u00e3o Nacional de Entidades do Com\u00e9rcio e Servi\u00e7os \u00e9 formada por oito das maiores institui\u00e7\u00f5es brasileiras representativas do setor: Associa\u00e7\u00e3o Brasileira de Atacadistas e Distribuidores (Abad), Associa\u00e7\u00e3o Brasileira de Bares e Restaurantes (Abrasel), Associa\u00e7\u00e3o Brasileira de Supermercados (Abras), Associa\u00e7\u00e3o Brasileira de Shopping Centers (Abrasce), Associa\u00e7\u00e3o Nacional dos Comerciantes de Material de Constru\u00e7\u00e3o (Anamaco), Confedera\u00e7\u00e3o Nacional de Dirigentes e Lojistas (CNDL) e Confedera\u00e7\u00e3o das Associa\u00e7\u00f5es Comerciais e Empresariais do Brasil (CACB).<\/p>\n","protected":false},"excerpt":{"rendered":"<p>Luiz In\u00e1cio Lula da Silva, Simone Tebet, Ciro Gomes e Jair Bolsonaro est\u00e3o entre os convidados do evento Di\u00e1logo com os candidatos \u00e0 Presid\u00eancia da Rep\u00fablica, em 30 de agosto, em Bras\u00edlia. Ser\u00e1 promovido pela\u00a0Uni\u00e3o Nacional de Entidades do Com\u00e9rcio e Servi\u00e7os (Unecs). O setor \u00e9 respons\u00e1vel por 73% do PIB brasileiro; 65% das opera\u00e7\u00f5es de cr\u00e9dito e d\u00e9bito no [&hellip;]<\/p>\n","protected":false},"author":125,"featured_media":8841,"comment_status":"open","ping_status":"open","sticky":false,"template":"","format":"standard","meta":{"footnotes":""},"categories":[6],"tags":[562,1279,712,1281,1280,1278,1050,726,161,1100,1277],"class_list":["post-8836","post","type-post","status-publish","format-standard","has-post-thumbnail","hentry","category-coluna-capital-s-a","tag-abad","tag-abrasce","tag-abrasel","tag-anamaco","tag-cacb","tag-candidatos","tag-cndl","tag-eleicoes","tag-empresarios","tag-presidenciaveis","tag-unecs"],"_links":{"self":[{"href":"https:\/\/blogs.correiobraziliense.com.br\/capital-sa\/wp-json\/wp\/v2\/posts\/8836","targetHints":{"allow":["GET"]}}],"collection":[{"href":"https:\/\/blogs.correiobraziliense.com.br\/capital-sa\/wp-json\/wp\/v2\/posts"}],"about":[{"href":"https:\/\/blogs.correiobraziliense.com.br\/capital-sa\/wp-json\/wp\/v2\/types\/post"}],"author":[{"embeddable":true,"href":"https:\/\/blogs.correiobraziliense.com.br\/capital-sa\/wp-json\/wp\/v2\/users\/125"}],"replies":[{"embeddable":true,"href":"https:\/\/blogs.correiobraziliense.com.br\/capital-sa\/wp-json\/wp\/v2\/comments?post=8836"}],"version-history":[{"count":17,"href":"https:\/\/blogs.correiobraziliense.com.br\/capital-sa\/wp-json\/wp\/v2\/posts\/8836\/revisions"}],"predecessor-version":[{"id":8855,"href":"https:\/\/blogs.correiobraziliense.com.br\/capital-sa\/wp-json\/wp\/v2\/posts\/8836\/revisions\/8855"}],"wp:featuredmedia":[{"embeddable":true,"href":"https:\/\/blogs.correiobraziliense.com.br\/capital-sa\/wp-json\/wp\/v2\/media\/8841"}],"wp:attachment":[{"href":"https:\/\/blogs.correiobraziliense.com.br\/capital-sa\/wp-json\/wp\/v2\/media?parent=8836"}],"wp:term":[{"taxonomy":"category","embeddable":true,"href":"https:\/\/blogs.correiobraziliense.com.br\/capital-sa\/wp-json\/wp\/v2\/categories?post=8836"},{"taxonomy":"post_tag","embeddable":true,"href":"https:\/\/blogs.correiobraziliense.com.br\/capital-sa\/wp-json\/wp\/v2\/tags?post=8836"}],"curies":[{"name":"wp","href":"https:\/\/api.w.org\/{rel}","templated":true}]}}