{"id":8802,"date":"2022-07-18T10:55:52","date_gmt":"2022-07-18T13:55:52","guid":{"rendered":"https:\/\/blogs.correiobraziliense.com.br\/capital-sa\/?p=8802"},"modified":"2022-07-18T13:42:33","modified_gmt":"2022-07-18T16:42:33","slug":"domo-geodesico-produzido-em-brasilia-e-procurado-para-camping-de-luxo","status":"publish","type":"post","link":"https:\/\/blogs.correiobraziliense.com.br\/capital-sa\/2022\/07\/18\/domo-geodesico-produzido-em-brasilia-e-procurado-para-camping-de-luxo\/","title":{"rendered":"Domo Geod\u00e9sico produzido em Bras\u00edlia \u00e9 procurado para camping de luxo"},"content":{"rendered":"<p class=\"p1\">Por Samanta Sallum<\/p>\n<p class=\"p1\"><span class=\"s1\">O empres\u00e1rio brasiliense Rafael Poubel, fundador da Wedome Glamping, inaugurou um showroom no setor industrial do Parano\u00e1 para apresentar o projeto, que traz inova\u00e7\u00e3o e que a maioria das pessoas s\u00f3 conhece por v\u00eddeo ou filmes futuristas.<br \/>\n<\/span><\/p>\n<p><img loading=\"lazy\" decoding=\"async\" class=\"aligncenter size-medium wp-image-8807\" src=\"https:\/\/blogs.correiobraziliense.com.br\/capital-sa\/wp-content\/uploads\/sites\/59\/2022\/07\/E381F814-9D5F-4D52-8DBE-8765E8AE06F4-300x249.jpeg\" alt=\"\" width=\"300\" height=\"249\" srcset=\"https:\/\/blogs.correiobraziliense.com.br\/capital-sa\/wp-content\/uploads\/sites\/59\/2022\/07\/E381F814-9D5F-4D52-8DBE-8765E8AE06F4-300x249.jpeg 300w, https:\/\/blogs.correiobraziliense.com.br\/capital-sa\/wp-content\/uploads\/sites\/59\/2022\/07\/E381F814-9D5F-4D52-8DBE-8765E8AE06F4-550x456.jpeg 550w, https:\/\/blogs.correiobraziliense.com.br\/capital-sa\/wp-content\/uploads\/sites\/59\/2022\/07\/E381F814-9D5F-4D52-8DBE-8765E8AE06F4-230x191.jpeg 230w, https:\/\/blogs.correiobraziliense.com.br\/capital-sa\/wp-content\/uploads\/sites\/59\/2022\/07\/E381F814-9D5F-4D52-8DBE-8765E8AE06F4.jpeg 640w\" sizes=\"auto, (max-width: 300px) 100vw, 300px\" \/><\/p>\n<p class=\"p1\"><span class=\"s1\">Muito usado para experi\u00eancias\u00a0<\/span>de hospedagem tur\u00edstica ao redor do mundo, os Domos possuem design diferenciado e baixo impacto ambiental. S\u00e3o estruturas leves e podem ser montados em \u00e1reas com paisagem natural e acesso restrito. A instala\u00e7\u00e3o tem a op\u00e7\u00e3o de ser permanente ou tempor\u00e1ria.<\/p>\n<p class=\"p1\"><span class=\"s1\"><b>Mais procura na pandemia <\/b><\/span><\/p>\n<p class=\"p1\"><span class=\"s1\">\u201cA proposta se expandiu amplamente durante os \u00faltimos 2 anos, devido \u00e0 procura por contato com a natureza sem perder o conforto, longe de aglomera\u00e7\u00f5es dos pontos tur\u00edsticos convencionais\u201d, conta o Rafael . A visita\u00e7\u00e3o ao<span class=\"Apple-converted-space\">\u00a0<\/span>showroom \u00e9 feita mediante agendamento (WhatsApp 61 8335 3262). A f\u00e1brica da Wedome Glamping tamb\u00e9m fica no Parano\u00e1.<\/span><\/p>\n<p><img loading=\"lazy\" decoding=\"async\" class=\"aligncenter size-medium wp-image-8808\" src=\"https:\/\/blogs.correiobraziliense.com.br\/capital-sa\/wp-content\/uploads\/sites\/59\/2022\/07\/2F2CE38B-FC3B-4E94-AB38-DC6261F12BCF-300x300.jpeg\" alt=\"\" width=\"300\" height=\"300\" srcset=\"https:\/\/blogs.correiobraziliense.com.br\/capital-sa\/wp-content\/uploads\/sites\/59\/2022\/07\/2F2CE38B-FC3B-4E94-AB38-DC6261F12BCF-300x300.jpeg 300w, https:\/\/blogs.correiobraziliense.com.br\/capital-sa\/wp-content\/uploads\/sites\/59\/2022\/07\/2F2CE38B-FC3B-4E94-AB38-DC6261F12BCF-150x150.jpeg 150w, https:\/\/blogs.correiobraziliense.com.br\/capital-sa\/wp-content\/uploads\/sites\/59\/2022\/07\/2F2CE38B-FC3B-4E94-AB38-DC6261F12BCF-768x768.jpeg 768w, https:\/\/blogs.correiobraziliense.com.br\/capital-sa\/wp-content\/uploads\/sites\/59\/2022\/07\/2F2CE38B-FC3B-4E94-AB38-DC6261F12BCF-800x800.jpeg 800w, https:\/\/blogs.correiobraziliense.com.br\/capital-sa\/wp-content\/uploads\/sites\/59\/2022\/07\/2F2CE38B-FC3B-4E94-AB38-DC6261F12BCF-550x550.jpeg 550w, https:\/\/blogs.correiobraziliense.com.br\/capital-sa\/wp-content\/uploads\/sites\/59\/2022\/07\/2F2CE38B-FC3B-4E94-AB38-DC6261F12BCF-230x230.jpeg 230w, https:\/\/blogs.correiobraziliense.com.br\/capital-sa\/wp-content\/uploads\/sites\/59\/2022\/07\/2F2CE38B-FC3B-4E94-AB38-DC6261F12BCF.jpeg 853w\" sizes=\"auto, (max-width: 300px) 100vw, 300px\" \/><\/p>\n","protected":false},"excerpt":{"rendered":"<p>Por Samanta Sallum O empres\u00e1rio brasiliense Rafael Poubel, fundador da Wedome Glamping, inaugurou um showroom no setor industrial do Parano\u00e1 para apresentar o projeto, que traz inova\u00e7\u00e3o e que a maioria das pessoas s\u00f3 conhece por v\u00eddeo ou filmes futuristas. Muito usado para experi\u00eancias\u00a0de hospedagem tur\u00edstica ao redor do mundo, os Domos possuem design diferenciado e baixo impacto ambiental. S\u00e3o [&hellip;]<\/p>\n","protected":false},"author":125,"featured_media":8806,"comment_status":"open","ping_status":"open","sticky":false,"template":"","format":"standard","meta":{"footnotes":""},"categories":[6],"tags":[1262,1261,1263,1264,717,1265],"class_list":["post-8802","post","type-post","status-publish","format-standard","has-post-thumbnail","hentry","category-coluna-capital-s-a","tag-camping","tag-domogeodesico","tag-luxo","tag-natureza","tag-procura","tag-showroom"],"_links":{"self":[{"href":"https:\/\/blogs.correiobraziliense.com.br\/capital-sa\/wp-json\/wp\/v2\/posts\/8802","targetHints":{"allow":["GET"]}}],"collection":[{"href":"https:\/\/blogs.correiobraziliense.com.br\/capital-sa\/wp-json\/wp\/v2\/posts"}],"about":[{"href":"https:\/\/blogs.correiobraziliense.com.br\/capital-sa\/wp-json\/wp\/v2\/types\/post"}],"author":[{"embeddable":true,"href":"https:\/\/blogs.correiobraziliense.com.br\/capital-sa\/wp-json\/wp\/v2\/users\/125"}],"replies":[{"embeddable":true,"href":"https:\/\/blogs.correiobraziliense.com.br\/capital-sa\/wp-json\/wp\/v2\/comments?post=8802"}],"version-history":[{"count":7,"href":"https:\/\/blogs.correiobraziliense.com.br\/capital-sa\/wp-json\/wp\/v2\/posts\/8802\/revisions"}],"predecessor-version":[{"id":8812,"href":"https:\/\/blogs.correiobraziliense.com.br\/capital-sa\/wp-json\/wp\/v2\/posts\/8802\/revisions\/8812"}],"wp:featuredmedia":[{"embeddable":true,"href":"https:\/\/blogs.correiobraziliense.com.br\/capital-sa\/wp-json\/wp\/v2\/media\/8806"}],"wp:attachment":[{"href":"https:\/\/blogs.correiobraziliense.com.br\/capital-sa\/wp-json\/wp\/v2\/media?parent=8802"}],"wp:term":[{"taxonomy":"category","embeddable":true,"href":"https:\/\/blogs.correiobraziliense.com.br\/capital-sa\/wp-json\/wp\/v2\/categories?post=8802"},{"taxonomy":"post_tag","embeddable":true,"href":"https:\/\/blogs.correiobraziliense.com.br\/capital-sa\/wp-json\/wp\/v2\/tags?post=8802"}],"curies":[{"name":"wp","href":"https:\/\/api.w.org\/{rel}","templated":true}]}}