{"id":8789,"date":"2022-07-15T11:09:07","date_gmt":"2022-07-15T14:09:07","guid":{"rendered":"https:\/\/blogs.correiobraziliense.com.br\/capital-sa\/?p=8789"},"modified":"2022-07-15T12:28:45","modified_gmt":"2022-07-15T15:28:45","slug":"programa-juntos-pelo-brasil-realiza-hoje-debate-sobre-micro-e-pequenas-empresas","status":"publish","type":"post","link":"https:\/\/blogs.correiobraziliense.com.br\/capital-sa\/2022\/07\/15\/programa-juntos-pelo-brasil-realiza-hoje-debate-sobre-micro-e-pequenas-empresas\/","title":{"rendered":"Programa Juntos Pelo Brasil realiza hoje debate sobre micro e pequenas empresas"},"content":{"rendered":"<p>Por Samanta Sallum<\/p>\n<p class=\"p2\"><span class=\"s1\">Hoje, das 19h \u00e0s 20h, ser\u00e1 realizado o debate sobre as micro e pequenas empresas na plataforma oficial da campanha Lula\/Alckmin no programajuntospelobrasil.com.br.<span class=\"Apple-converted-space\"><br \/>\n<\/span><\/span><\/p>\n<p class=\"p2\"><span class=\"s1\">Ter\u00e1 a participa\u00e7\u00e3o de Valdir Oliveira (superintendente regional do Sebrae\/DF), representando o PSB ; e de Lu\u00eds Barretto, ex-presidente do Sebrae, do PT.<\/span><\/p>\n<p class=\"p2\"><span class=\"s1\">Joaquim Cartaxo tamb\u00e9m participa com o tema Economia Criativa. O debate ser\u00e1 mediado pelo professor Paulo Feldman, coordenador do tema desenvolvimento na constru\u00e7\u00e3o do Programa Lula\/Alckmin. <\/span><\/p>\n<p class=\"p2\"><span class=\"s1\">Esses programas est\u00e3o acontecendo para a formula\u00e7\u00e3o do programa de governo.<\/span><\/p>\n","protected":false},"excerpt":{"rendered":"<p>Por Samanta Sallum Hoje, das 19h \u00e0s 20h, ser\u00e1 realizado o debate sobre as micro e pequenas empresas na plataforma oficial da campanha Lula\/Alckmin no programajuntospelobrasil.com.br. Ter\u00e1 a participa\u00e7\u00e3o de Valdir Oliveira (superintendente regional do Sebrae\/DF), representando o PSB ; e de Lu\u00eds Barretto, ex-presidente do Sebrae, do PT. Joaquim Cartaxo tamb\u00e9m participa com o tema Economia Criativa. O debate [&hellip;]<\/p>\n","protected":false},"author":125,"featured_media":8796,"comment_status":"open","ping_status":"open","sticky":false,"template":"","format":"standard","meta":{"footnotes":""},"categories":[6],"tags":[598,1260,191],"class_list":["post-8789","post","type-post","status-publish","format-standard","has-post-thumbnail","hentry","category-coluna-capital-s-a","tag-debate","tag-lula-alckmin","tag-sebraedf"],"_links":{"self":[{"href":"https:\/\/blogs.correiobraziliense.com.br\/capital-sa\/wp-json\/wp\/v2\/posts\/8789","targetHints":{"allow":["GET"]}}],"collection":[{"href":"https:\/\/blogs.correiobraziliense.com.br\/capital-sa\/wp-json\/wp\/v2\/posts"}],"about":[{"href":"https:\/\/blogs.correiobraziliense.com.br\/capital-sa\/wp-json\/wp\/v2\/types\/post"}],"author":[{"embeddable":true,"href":"https:\/\/blogs.correiobraziliense.com.br\/capital-sa\/wp-json\/wp\/v2\/users\/125"}],"replies":[{"embeddable":true,"href":"https:\/\/blogs.correiobraziliense.com.br\/capital-sa\/wp-json\/wp\/v2\/comments?post=8789"}],"version-history":[{"count":11,"href":"https:\/\/blogs.correiobraziliense.com.br\/capital-sa\/wp-json\/wp\/v2\/posts\/8789\/revisions"}],"predecessor-version":[{"id":8801,"href":"https:\/\/blogs.correiobraziliense.com.br\/capital-sa\/wp-json\/wp\/v2\/posts\/8789\/revisions\/8801"}],"wp:featuredmedia":[{"embeddable":true,"href":"https:\/\/blogs.correiobraziliense.com.br\/capital-sa\/wp-json\/wp\/v2\/media\/8796"}],"wp:attachment":[{"href":"https:\/\/blogs.correiobraziliense.com.br\/capital-sa\/wp-json\/wp\/v2\/media?parent=8789"}],"wp:term":[{"taxonomy":"category","embeddable":true,"href":"https:\/\/blogs.correiobraziliense.com.br\/capital-sa\/wp-json\/wp\/v2\/categories?post=8789"},{"taxonomy":"post_tag","embeddable":true,"href":"https:\/\/blogs.correiobraziliense.com.br\/capital-sa\/wp-json\/wp\/v2\/tags?post=8789"}],"curies":[{"name":"wp","href":"https:\/\/api.w.org\/{rel}","templated":true}]}}