{"id":8763,"date":"2022-07-14T00:10:38","date_gmt":"2022-07-14T03:10:38","guid":{"rendered":"https:\/\/blogs.correiobraziliense.com.br\/capital-sa\/?p=8763"},"modified":"2022-07-14T10:11:53","modified_gmt":"2022-07-14T13:11:53","slug":"acougue-do-berg-na-asbac-celebra-um-ano","status":"publish","type":"post","link":"https:\/\/blogs.correiobraziliense.com.br\/capital-sa\/2022\/07\/14\/acougue-do-berg-na-asbac-celebra-um-ano\/","title":{"rendered":"A\u00e7ougue do Berg na Asbac celebra um ano"},"content":{"rendered":"<p class=\"p1\"><span class=\"s1\">Por Samanta Sallum\u00a0<\/span><\/p>\n<p class=\"p1\"><span class=\"s1\">Instalado na entrada da Asbac, com capacidade para 700 pessoas e com uma equipe de 100 colaboradores, o Acougue do Berg celebra 1 ano. O empreendimento uniu ao s\u00f3cios R\u00f4mulo Mendon\u00e7a (da \u00e1rea de eventos), Valmir Biberg (chef de Bras\u00edlia especialista em carne) e Ant\u00f4nio Mocellin. Para comemorar, o trio preparou a\u00e7\u00f5es especiais. Uma delas \u00e9 o Welcome Drink, que ser\u00e1 servido aos clientes de 26 a 31 de julho. Todos ser\u00e3o recepcionados com uma ta\u00e7a de espumante de cortesia.<\/span><\/p>\n<p class=\"p1\"><span class=\"s1\"><b>Wine Fair<\/b><\/span><\/p>\n<p class=\"p1\">Outra atra\u00e7\u00e3o \u00e9 o Wine Fair, em 28 de jullho, numa parceria com a Rota do Vinho Adega. &#8220;Estamos muito felizes com a aceita\u00e7\u00e3o do brasiliense da nossa proposta e queremos oferecer novas experi\u00eancias\u201c , diz Biberg.<\/p>\n<p class=\"p1\"><span class=\"s1\">A proposta \u00e9 oferecer um buf\u00ea, com ilha de risotos, massa e frios, harmonizado com cerca de 90 r\u00f3tulos de vinhos. A expectativa \u00e9 reunir no local, aproximadamente, 150 pessoas, das 19h \u00e0s 23h. O convite para o evento \u00a0pode ser adquirido pela plataforma Sympla.<\/span><\/p>\n","protected":false},"excerpt":{"rendered":"<p>Por Samanta Sallum\u00a0 Instalado na entrada da Asbac, com capacidade para 700 pessoas e com uma equipe de 100 colaboradores, o Acougue do Berg celebra 1 ano. O empreendimento uniu ao s\u00f3cios R\u00f4mulo Mendon\u00e7a (da \u00e1rea de eventos), Valmir Biberg (chef de Bras\u00edlia especialista em carne) e Ant\u00f4nio Mocellin. Para comemorar, o trio preparou a\u00e7\u00f5es especiais. Uma delas \u00e9 o [&hellip;]<\/p>\n","protected":false},"author":125,"featured_media":8767,"comment_status":"open","ping_status":"open","sticky":false,"template":"","format":"standard","meta":{"footnotes":""},"categories":[6],"tags":[1248,1252,141,1249,1251,1250],"class_list":["post-8763","post","type-post","status-publish","format-standard","has-post-thumbnail","hentry","category-coluna-capital-s-a","tag-acouguedoberg","tag-asbac","tag-evento","tag-vinhos","tag-welcomedrink","tag-winefair"],"_links":{"self":[{"href":"https:\/\/blogs.correiobraziliense.com.br\/capital-sa\/wp-json\/wp\/v2\/posts\/8763","targetHints":{"allow":["GET"]}}],"collection":[{"href":"https:\/\/blogs.correiobraziliense.com.br\/capital-sa\/wp-json\/wp\/v2\/posts"}],"about":[{"href":"https:\/\/blogs.correiobraziliense.com.br\/capital-sa\/wp-json\/wp\/v2\/types\/post"}],"author":[{"embeddable":true,"href":"https:\/\/blogs.correiobraziliense.com.br\/capital-sa\/wp-json\/wp\/v2\/users\/125"}],"replies":[{"embeddable":true,"href":"https:\/\/blogs.correiobraziliense.com.br\/capital-sa\/wp-json\/wp\/v2\/comments?post=8763"}],"version-history":[{"count":5,"href":"https:\/\/blogs.correiobraziliense.com.br\/capital-sa\/wp-json\/wp\/v2\/posts\/8763\/revisions"}],"predecessor-version":[{"id":8773,"href":"https:\/\/blogs.correiobraziliense.com.br\/capital-sa\/wp-json\/wp\/v2\/posts\/8763\/revisions\/8773"}],"wp:featuredmedia":[{"embeddable":true,"href":"https:\/\/blogs.correiobraziliense.com.br\/capital-sa\/wp-json\/wp\/v2\/media\/8767"}],"wp:attachment":[{"href":"https:\/\/blogs.correiobraziliense.com.br\/capital-sa\/wp-json\/wp\/v2\/media?parent=8763"}],"wp:term":[{"taxonomy":"category","embeddable":true,"href":"https:\/\/blogs.correiobraziliense.com.br\/capital-sa\/wp-json\/wp\/v2\/categories?post=8763"},{"taxonomy":"post_tag","embeddable":true,"href":"https:\/\/blogs.correiobraziliense.com.br\/capital-sa\/wp-json\/wp\/v2\/tags?post=8763"}],"curies":[{"name":"wp","href":"https:\/\/api.w.org\/{rel}","templated":true}]}}