{"id":8730,"date":"2022-07-12T16:52:00","date_gmt":"2022-07-12T19:52:00","guid":{"rendered":"https:\/\/blogs.correiobraziliense.com.br\/capital-sa\/?p=8730"},"modified":"2022-07-12T20:32:07","modified_gmt":"2022-07-12T23:32:07","slug":"credibilidade-do-pais-foi-jogada-no-esgoto-afirma-lula-em-evento-da-cnc","status":"publish","type":"post","link":"https:\/\/blogs.correiobraziliense.com.br\/capital-sa\/2022\/07\/12\/credibilidade-do-pais-foi-jogada-no-esgoto-afirma-lula-em-evento-da-cnc\/","title":{"rendered":"&#8220;Credibilidade do pa\u00eds foi jogada no esgoto&#8221;, afirma Lula em evento da CNC"},"content":{"rendered":"<p>Por Samanta Sallum<\/p>\n<p>&#8220;Quem for o presidente a partir de 1\u00ba de janeiro vai pegar um pa\u00eds infinitamente pior do que eu herdei de Fernando Henrique Cardoso. Repito: infinitamente pior&#8221;, afirmou Lula em evento, em Bras\u00edlia, da Confedera\u00e7\u00e3o Nacional do Com\u00e9rcio de Bens, Servi\u00e7os e de Turismo (CNC). Geraldo Alckmin (PSB) tamb\u00e9m esteve presente.<\/p>\n<p>Segundo Lula, o pa\u00eds precisa de um presidente com &#8220;credibilidade e com estabilidade&#8221;. \u00a0O petista ressaltou que a credibilidade do Brasil no mundo foi jogada &#8220;no esgoto&#8221;.<\/p>\n<p class=\"p1\"><span class=\"s1\"><b>Debate para depois\u00a0<\/b><\/span><\/p>\n<p class=\"p1\"><span class=\"s1\">O ex-presidente disse que a presen\u00e7a dele na CNC se devia muito ao incentivo de Alckmin. \u201cEu n\u00e3o estou em fase de debate, pois \u00e9 preciso ainda oficializar a minha candidatura\u201d,\u00a0explicou. Mas disse que iria analisar \u201ccom\u00a0carinho\u201d as propostas apresentadas pela Confedera\u00e7\u00e3o.<\/span><\/p>\n<p class=\"p1\"><span class=\"s1\"><b>Diferentes, mas juntos\u00a0<\/b><\/span><\/p>\n<p class=\"p1\"><span class=\"s1\">Sobre sua alian\u00e7a com Alckmin, o petista reconheceu que s\u00e3o diferentes. \u201cPodem estranhar eu e Geraldo juntos. Mas \u00e9 dessa coragem que o Brasil precisa, em juntar pessoas diferentes na busca de um consenso para o bem do pa\u00eds.\u00a0Geraldo foi oposi\u00e7\u00e3o a mim, mas nunca entramos em conflito direto. \u201c Lula destacou ainda que o Brasil precisa \u201cvoltar \u00e0 normalidade\u00b4\u00b4 com a harmonia entre os tr\u00eas poderes.<\/span><\/p>\n<p><b>Compara\u00e7\u00e3o com JK\u00a0<\/b><\/p>\n<p>Alckmin comparou Lula a Juscelino Kubitscheck em seu discurso. &#8220;Estar em Bras\u00edlia me faz lembrar de Juscelino Kubitscheck. Um homem que podemos descrever com duas palavras: di\u00e1logo e desenvolvimento. E eu vejo muito dessas caracter\u00edsticas em Lula&#8221;, afirmou.<\/p>\n<p class=\"p1\"><span class=\"s1\">O presidente da CNC, Jos\u00e9 Roberto Tadros, entregou aos dois a Agenda Institucional do Sistema Com\u00e9rcio, com propostas e recomenda\u00e7\u00f5es nas \u00e1reas tribut\u00e1ria, trabalhista, de turismo, macroeconomia, entre outras.<\/span><\/p>\n<p class=\"p1\"><span class=\"s1\">No evento, refor\u00e7ou os lemas defendidos pela CNC: democracia, seguran\u00e7a jur\u00eddica e livre mercado.<\/span><\/p>\n<p class=\"p1\"><span class=\"s1\"> No \u00faltimo dia 22, Tadros tamb\u00e9m entregou o documento ao presidente Jair Bolsonaro e \u00e0 senadora Simone Tebet. A ideia \u00e9 fazer a apresenta\u00e7\u00e3o da agenda de demandas do setor aos pr\u00e9-candidatos como uma contribui\u00e7\u00e3o para a formula\u00e7\u00e3o de pol\u00edticas p\u00fablicas do futuro governo.<\/span><\/p>\n<p class=\"p1\"><span class=\"s1\"><b>Consumo e turismo<\/b><\/span><\/p>\n<p class=\"p1\"><span class=\"s1\">Lula fez quest\u00e3o de lembrar da aprova\u00e7\u00e3o, durante o seu governo, da Lei Geral da Micro e Pequena Empresa (2006). E que, em 2008, estimulou\u00a0o consumo ajudando o\u00a0 com\u00e9rcio e desviando\u00a0o Brasil da crise econ\u00f4mica mundial. Bem ao seu estilo, disse:\u00a0 \u0301\u201dnunca\u00a0antes na hist\u00f3ria do Brasil, as classes\u00a0C e D puderam consumir tanto. E viajar. Diziam que os aeroportos tinham virado rodovi\u00e1rias de tanta gente. S\u00f3 tenho a me orgulhar disso.\u201d<\/span><\/p>\n<p class=\"p1\"><b>Lenda da Rep\u00fablica dos Sindicatos<\/b><\/p>\n<p class=\"p1\"><span class=\"s1\">O presidente da Uni\u00e3o Geral dos Trabalhadores (UGT) e l\u00edder do Sindicato dos Comerci\u00e1rios de S\u00e3o Paulo, Ricardo Patah, tamb\u00e9m participou do evento como convidado especial. E defendeu uma revis\u00e3o da rela\u00e7\u00e3o trabalhista. \u201cDizem que a volta do Lula ser\u00e1 a volta da Republica dos Sindicatos. Isso n\u00e3o \u00e9 verdade. S\u00f3 queremos repactuar algumas situa\u00e7\u00f5es\u201d, explicou.\u00a0<\/span><\/p>\n<p>&nbsp;<\/p>\n","protected":false},"excerpt":{"rendered":"<p>Por Samanta Sallum &#8220;Quem for o presidente a partir de 1\u00ba de janeiro vai pegar um pa\u00eds infinitamente pior do que eu herdei de Fernando Henrique Cardoso. Repito: infinitamente pior&#8221;, afirmou Lula em evento, em Bras\u00edlia, da Confedera\u00e7\u00e3o Nacional do Com\u00e9rcio de Bens, Servi\u00e7os e de Turismo (CNC). Geraldo Alckmin (PSB) tamb\u00e9m esteve presente. Segundo Lula, o pa\u00eds precisa de [&hellip;]<\/p>\n","protected":false},"author":125,"featured_media":8746,"comment_status":"open","ping_status":"open","sticky":false,"template":"","format":"standard","meta":{"footnotes":""},"categories":[6],"tags":[1242,275,1245,1243,1244,1241,1165],"class_list":["post-8730","post","type-post","status-publish","format-standard","has-post-thumbnail","hentry","category-coluna-capital-s-a","tag-agendainsitucional","tag-cnc","tag-credibilidade","tag-esgoto","tag-estabilidade","tag-geraldo-alckmin","tag-lula"],"_links":{"self":[{"href":"https:\/\/blogs.correiobraziliense.com.br\/capital-sa\/wp-json\/wp\/v2\/posts\/8730","targetHints":{"allow":["GET"]}}],"collection":[{"href":"https:\/\/blogs.correiobraziliense.com.br\/capital-sa\/wp-json\/wp\/v2\/posts"}],"about":[{"href":"https:\/\/blogs.correiobraziliense.com.br\/capital-sa\/wp-json\/wp\/v2\/types\/post"}],"author":[{"embeddable":true,"href":"https:\/\/blogs.correiobraziliense.com.br\/capital-sa\/wp-json\/wp\/v2\/users\/125"}],"replies":[{"embeddable":true,"href":"https:\/\/blogs.correiobraziliense.com.br\/capital-sa\/wp-json\/wp\/v2\/comments?post=8730"}],"version-history":[{"count":17,"href":"https:\/\/blogs.correiobraziliense.com.br\/capital-sa\/wp-json\/wp\/v2\/posts\/8730\/revisions"}],"predecessor-version":[{"id":8754,"href":"https:\/\/blogs.correiobraziliense.com.br\/capital-sa\/wp-json\/wp\/v2\/posts\/8730\/revisions\/8754"}],"wp:featuredmedia":[{"embeddable":true,"href":"https:\/\/blogs.correiobraziliense.com.br\/capital-sa\/wp-json\/wp\/v2\/media\/8746"}],"wp:attachment":[{"href":"https:\/\/blogs.correiobraziliense.com.br\/capital-sa\/wp-json\/wp\/v2\/media?parent=8730"}],"wp:term":[{"taxonomy":"category","embeddable":true,"href":"https:\/\/blogs.correiobraziliense.com.br\/capital-sa\/wp-json\/wp\/v2\/categories?post=8730"},{"taxonomy":"post_tag","embeddable":true,"href":"https:\/\/blogs.correiobraziliense.com.br\/capital-sa\/wp-json\/wp\/v2\/tags?post=8730"}],"curies":[{"name":"wp","href":"https:\/\/api.w.org\/{rel}","templated":true}]}}