{"id":8722,"date":"2022-07-12T14:30:51","date_gmt":"2022-07-12T17:30:51","guid":{"rendered":"https:\/\/blogs.correiobraziliense.com.br\/capital-sa\/?p=8722"},"modified":"2022-07-12T17:09:03","modified_gmt":"2022-07-12T20:09:03","slug":"dia-dos-pais-comercio-no-df-preve-injecao-de-r-245-milhoes-com-vendas","status":"publish","type":"post","link":"https:\/\/blogs.correiobraziliense.com.br\/capital-sa\/2022\/07\/12\/dia-dos-pais-comercio-no-df-preve-injecao-de-r-245-milhoes-com-vendas\/","title":{"rendered":"Dia dos Pais: com\u00e9rcio no DF prev\u00ea inje\u00e7\u00e3o de R$ 245 milh\u00f5es com vendas"},"content":{"rendered":"<p class=\"p1\"><span class=\"s1\">Por Samanta Sallum\u00a0<\/span><\/p>\n<p class=\"p1\"><span class=\"s1\">A previs\u00e3o das vendas para o Dia dos Pais \u2013 7 de agosto \u2013 no com\u00e9rcio do Distrito Federal \u00e9 de aumento de 14%, contra 11% registrados no ano passado. Em 2021, a data injetou na economia do DF R$ 210 milh\u00f5es, total que pode subir para R$ 245 milh\u00f5es este ano. O gasto m\u00e9dio com presentes, que oscilou na data anterior entre R$ 120 e R$ 160, deve variar agora de R$ 170 a R$ 195.<\/span><\/p>\n<p class=\"p1\"><span class=\"s1\"><b> Artigos esportivos <\/b><\/span><\/p>\n<p class=\"p1\">O presidente do Sindicato do Com\u00e9rcio Varejista, Sebasti\u00e3o Abritta, disse que o com\u00e9rcio est\u00e1 bem abastecido de produtos. \u201cOs presentes mais procurados devem ser roupas, cal\u00e7ados, artigos esportivos e perfumes. H\u00e1 lojas que parcelam em at\u00e9 seis vezes o pagamento dos presentes, exatamente para elevar o gasto m\u00e9dio\u201d, aponta.<\/p>\n<p class=\"p1\"><span class=\"s1\"><b>No cr\u00e9dito <\/b><\/span><\/p>\n<p class=\"p1\"><span class=\"s1\">A proje\u00e7\u00e3o \u00e9 que os cart\u00f5es de cr\u00e9dito correspondam a<span class=\"Apple-converted-space\">\u00a0<\/span>54% das<span class=\"Apple-converted-space\">\u00a0<\/span>formas de pagamento. O Dia dos Pais \u00e9 a quarta melhor data em termos de consumo, perdendo para o Natal, o Dia das M\u00e3es e o dos Namorados.<\/span><\/p>\n","protected":false},"excerpt":{"rendered":"<p>Por Samanta Sallum\u00a0 A previs\u00e3o das vendas para o Dia dos Pais \u2013 7 de agosto \u2013 no com\u00e9rcio do Distrito Federal \u00e9 de aumento de 14%, contra 11% registrados no ano passado. Em 2021, a data injetou na economia do DF R$ 210 milh\u00f5es, total que pode subir para R$ 245 milh\u00f5es este ano. O gasto m\u00e9dio com presentes, [&hellip;]<\/p>\n","protected":false},"author":125,"featured_media":8727,"comment_status":"open","ping_status":"open","sticky":false,"template":"","format":"standard","meta":{"footnotes":""},"categories":[6],"tags":[1247,1246,908,10],"class_list":["post-8722","post","type-post","status-publish","format-standard","has-post-thumbnail","hentry","category-coluna-capital-s-a","tag-datacomemorativa","tag-diadospais","tag-expectativa","tag-comercio"],"_links":{"self":[{"href":"https:\/\/blogs.correiobraziliense.com.br\/capital-sa\/wp-json\/wp\/v2\/posts\/8722","targetHints":{"allow":["GET"]}}],"collection":[{"href":"https:\/\/blogs.correiobraziliense.com.br\/capital-sa\/wp-json\/wp\/v2\/posts"}],"about":[{"href":"https:\/\/blogs.correiobraziliense.com.br\/capital-sa\/wp-json\/wp\/v2\/types\/post"}],"author":[{"embeddable":true,"href":"https:\/\/blogs.correiobraziliense.com.br\/capital-sa\/wp-json\/wp\/v2\/users\/125"}],"replies":[{"embeddable":true,"href":"https:\/\/blogs.correiobraziliense.com.br\/capital-sa\/wp-json\/wp\/v2\/comments?post=8722"}],"version-history":[{"count":6,"href":"https:\/\/blogs.correiobraziliense.com.br\/capital-sa\/wp-json\/wp\/v2\/posts\/8722\/revisions"}],"predecessor-version":[{"id":8745,"href":"https:\/\/blogs.correiobraziliense.com.br\/capital-sa\/wp-json\/wp\/v2\/posts\/8722\/revisions\/8745"}],"wp:featuredmedia":[{"embeddable":true,"href":"https:\/\/blogs.correiobraziliense.com.br\/capital-sa\/wp-json\/wp\/v2\/media\/8727"}],"wp:attachment":[{"href":"https:\/\/blogs.correiobraziliense.com.br\/capital-sa\/wp-json\/wp\/v2\/media?parent=8722"}],"wp:term":[{"taxonomy":"category","embeddable":true,"href":"https:\/\/blogs.correiobraziliense.com.br\/capital-sa\/wp-json\/wp\/v2\/categories?post=8722"},{"taxonomy":"post_tag","embeddable":true,"href":"https:\/\/blogs.correiobraziliense.com.br\/capital-sa\/wp-json\/wp\/v2\/tags?post=8722"}],"curies":[{"name":"wp","href":"https:\/\/api.w.org\/{rel}","templated":true}]}}