{"id":872,"date":"2020-12-02T18:33:09","date_gmt":"2020-12-02T21:33:09","guid":{"rendered":"https:\/\/blogs.correiobraziliense.com.br\/capital-sa\/?p=872"},"modified":"2020-12-02T21:39:52","modified_gmt":"2020-12-03T00:39:52","slug":"abrasel-df-e-sindhobar-pressionam-para-flexibilizacao-de-decreto","status":"publish","type":"post","link":"https:\/\/blogs.correiobraziliense.com.br\/capital-sa\/2020\/12\/02\/abrasel-df-e-sindhobar-pressionam-para-flexibilizacao-de-decreto\/","title":{"rendered":"Sem restri\u00e7\u00f5es de hor\u00e1rio no Natal e r\u00e9veillon"},"content":{"rendered":"<p>A Abrasel-DF e o Sindhobar reagiram ao decreto do GDF que limitou o hor\u00e1rio de funcionamento de bares e restaurantes at\u00e9 as 23h.<\/p>\n<p>Enviaram documento ao governador Ibaneis Rocha pedindo a flexibiliza\u00e7\u00e3o da medida. As entidades querem abrir exce\u00e7\u00e3o para as noites de Natal e r\u00e9veillon.<\/p>\n<p>&nbsp;<\/p>\n<h3>Reservas confirmadas<\/h3>\n<p>Segundo o presidente da Abrasel-DF, Beto Pinheiro, muitos empres\u00e1rios j\u00e1 est\u00e3o com programa\u00e7\u00e3o para as ceias de fim de ano, inclusive com reservas efetuadas de clientes.<\/p>\n<h3><\/h3>\n<h3>Alternativa para celebrar<\/h3>\n<p><img loading=\"lazy\" decoding=\"async\" class=\"aligncenter size-medium wp-image-875\" src=\"https:\/\/blogs.correiobraziliense.com.br\/capital-sa\/wp-content\/uploads\/sites\/59\/2020\/12\/b-300x171.jpg\" alt=\"\" width=\"300\" height=\"171\" srcset=\"https:\/\/blogs.correiobraziliense.com.br\/capital-sa\/wp-content\/uploads\/sites\/59\/2020\/12\/b-300x171.jpg 300w, https:\/\/blogs.correiobraziliense.com.br\/capital-sa\/wp-content\/uploads\/sites\/59\/2020\/12\/b-230x131.jpg 230w, https:\/\/blogs.correiobraziliense.com.br\/capital-sa\/wp-content\/uploads\/sites\/59\/2020\/12\/b.jpg 504w\" sizes=\"auto, (max-width: 300px) 100vw, 300px\" \/><\/p>\n<blockquote><p>&#8220;Os restaurantes v\u00e3o ser as melhores op\u00e7\u00f5es para as fam\u00edlias passarem as festividades de fim de ano, j\u00e1 que n\u00e3o haver\u00e1 eventos com grandes aglomera\u00e7\u00f5es na cidade. Os restaurantes e bares s\u00e3o os lugares mais seguros e adequados para as ceias de Natal e r\u00e9veillon, pois est\u00e3o seguindo todos os protocolos de seguran\u00e7a&#8221;, destaca <strong>Beto<\/strong>.<\/p><\/blockquote>\n<p>A favor da fiscaliza\u00e7\u00e3o<\/p>\n<p>Ele afirma que a Abrasel \u00e9 favor\u00e1vel \u00e0 fiscaliza\u00e7\u00e3o dos estabelecimentos. \u201cMas n\u00e3o \u00e9 correto penalizar cerca de 10 mil CNPJs s\u00f3 porque alguns n\u00e3o cumprem as regras.\u201d<\/p>\n","protected":false},"excerpt":{"rendered":"<p>A Abrasel-DF e o Sindhobar reagiram ao decreto do GDF que limitou o hor\u00e1rio de funcionamento de bares e restaurantes at\u00e9 as 23h. Enviaram documento ao governador Ibaneis Rocha pedindo a flexibiliza\u00e7\u00e3o da medida. As entidades querem abrir exce\u00e7\u00e3o para as noites de Natal e r\u00e9veillon. &nbsp; Reservas confirmadas Segundo o presidente da Abrasel-DF, Beto Pinheiro, muitos empres\u00e1rios j\u00e1 est\u00e3o [&hellip;]<\/p>\n","protected":false},"author":125,"featured_media":873,"comment_status":"open","ping_status":"open","sticky":false,"template":"","format":"standard","meta":{"footnotes":""},"categories":[6],"tags":[220,221,226,224,223,222,225,206,5],"class_list":["post-872","post","type-post","status-publish","format-standard","has-post-thumbnail","hentry","category-coluna-capital-s-a","tag-abraseldf","tag-bares","tag-betopinheiro","tag-covid-19","tag-festasdefimdeano","tag-restaurantes","tag-restricao","tag-sindhobar","tag-pandemia"],"_links":{"self":[{"href":"https:\/\/blogs.correiobraziliense.com.br\/capital-sa\/wp-json\/wp\/v2\/posts\/872","targetHints":{"allow":["GET"]}}],"collection":[{"href":"https:\/\/blogs.correiobraziliense.com.br\/capital-sa\/wp-json\/wp\/v2\/posts"}],"about":[{"href":"https:\/\/blogs.correiobraziliense.com.br\/capital-sa\/wp-json\/wp\/v2\/types\/post"}],"author":[{"embeddable":true,"href":"https:\/\/blogs.correiobraziliense.com.br\/capital-sa\/wp-json\/wp\/v2\/users\/125"}],"replies":[{"embeddable":true,"href":"https:\/\/blogs.correiobraziliense.com.br\/capital-sa\/wp-json\/wp\/v2\/comments?post=872"}],"version-history":[{"count":9,"href":"https:\/\/blogs.correiobraziliense.com.br\/capital-sa\/wp-json\/wp\/v2\/posts\/872\/revisions"}],"predecessor-version":[{"id":888,"href":"https:\/\/blogs.correiobraziliense.com.br\/capital-sa\/wp-json\/wp\/v2\/posts\/872\/revisions\/888"}],"wp:featuredmedia":[{"embeddable":true,"href":"https:\/\/blogs.correiobraziliense.com.br\/capital-sa\/wp-json\/wp\/v2\/media\/873"}],"wp:attachment":[{"href":"https:\/\/blogs.correiobraziliense.com.br\/capital-sa\/wp-json\/wp\/v2\/media?parent=872"}],"wp:term":[{"taxonomy":"category","embeddable":true,"href":"https:\/\/blogs.correiobraziliense.com.br\/capital-sa\/wp-json\/wp\/v2\/categories?post=872"},{"taxonomy":"post_tag","embeddable":true,"href":"https:\/\/blogs.correiobraziliense.com.br\/capital-sa\/wp-json\/wp\/v2\/tags?post=872"}],"curies":[{"name":"wp","href":"https:\/\/api.w.org\/{rel}","templated":true}]}}