{"id":869,"date":"2020-12-02T07:55:18","date_gmt":"2020-12-02T10:55:18","guid":{"rendered":"https:\/\/blogs.correiobraziliense.com.br\/capital-sa\/?p=869"},"modified":"2020-12-01T22:39:24","modified_gmt":"2020-12-02T01:39:24","slug":"reacao-ao-decreto-do-gdf-que-limitou-horario-dos-bares-e-restaurantes","status":"publish","type":"post","link":"https:\/\/blogs.correiobraziliense.com.br\/capital-sa\/2020\/12\/02\/reacao-ao-decreto-do-gdf-que-limitou-horario-dos-bares-e-restaurantes\/","title":{"rendered":"Rea\u00e7\u00e3o ao decreto do GDF que limitou hor\u00e1rio dos bares e restaurantes"},"content":{"rendered":"<blockquote><p>\u201cO com\u00e9rcio n\u00e3o pode ser sempre penalizado. Seguimos rigorosamente tudo o que foi preestabelecido com o governo. A fiscaliza\u00e7\u00e3o foi deixada de lado e as pessoas perderam o medo da doen\u00e7a e foram para as ruas. O que n\u00f3s queremos \u00e9 um esfor\u00e7o conjunto, um pacto para resolver a situa\u00e7\u00e3o. Infelizmente, ocorrem festas irregulares em pontos clandestinos, que pioram o quadro no DF\u201d, presidente da Fecom\u00e9rcio-DF, <strong>Francisco Maia<\/strong>.<\/p><\/blockquote>\n<p>&nbsp;<\/p>\n<blockquote><p>\u201cN\u00e3o podemos ser boi de piranha deste propagado aumento da pandemia no DF. N\u00f3s, empres\u00e1rios do segmento, tivemos a responsabilidade, desde o primeiro momento, de colocar em pr\u00e1tica um rigoroso protocolo de seguran\u00e7a e afirmo que est\u00e1 sendo cumprido. Solicitamos o cancelamento do decreto\u201d, presidente do Sindhobar, <strong>Jael Antonio da Silva<\/strong>.<\/p><\/blockquote>\n<p>&nbsp;<\/p>\n","protected":false},"excerpt":{"rendered":"<p>\u201cO com\u00e9rcio n\u00e3o pode ser sempre penalizado. Seguimos rigorosamente tudo o que foi preestabelecido com o governo. A fiscaliza\u00e7\u00e3o foi deixada de lado e as pessoas perderam o medo da doen\u00e7a e foram para as ruas. O que n\u00f3s queremos \u00e9 um esfor\u00e7o conjunto, um pacto para resolver a situa\u00e7\u00e3o. Infelizmente, ocorrem festas irregulares em pontos clandestinos, que pioram o [&hellip;]<\/p>\n","protected":false},"author":125,"featured_media":0,"comment_status":"open","ping_status":"open","sticky":false,"template":"","format":"standard","meta":{"footnotes":""},"categories":[1],"tags":[],"class_list":["post-869","post","type-post","status-publish","format-standard","hentry","category-sem-categoria"],"_links":{"self":[{"href":"https:\/\/blogs.correiobraziliense.com.br\/capital-sa\/wp-json\/wp\/v2\/posts\/869","targetHints":{"allow":["GET"]}}],"collection":[{"href":"https:\/\/blogs.correiobraziliense.com.br\/capital-sa\/wp-json\/wp\/v2\/posts"}],"about":[{"href":"https:\/\/blogs.correiobraziliense.com.br\/capital-sa\/wp-json\/wp\/v2\/types\/post"}],"author":[{"embeddable":true,"href":"https:\/\/blogs.correiobraziliense.com.br\/capital-sa\/wp-json\/wp\/v2\/users\/125"}],"replies":[{"embeddable":true,"href":"https:\/\/blogs.correiobraziliense.com.br\/capital-sa\/wp-json\/wp\/v2\/comments?post=869"}],"version-history":[{"count":1,"href":"https:\/\/blogs.correiobraziliense.com.br\/capital-sa\/wp-json\/wp\/v2\/posts\/869\/revisions"}],"predecessor-version":[{"id":870,"href":"https:\/\/blogs.correiobraziliense.com.br\/capital-sa\/wp-json\/wp\/v2\/posts\/869\/revisions\/870"}],"wp:attachment":[{"href":"https:\/\/blogs.correiobraziliense.com.br\/capital-sa\/wp-json\/wp\/v2\/media?parent=869"}],"wp:term":[{"taxonomy":"category","embeddable":true,"href":"https:\/\/blogs.correiobraziliense.com.br\/capital-sa\/wp-json\/wp\/v2\/categories?post=869"},{"taxonomy":"post_tag","embeddable":true,"href":"https:\/\/blogs.correiobraziliense.com.br\/capital-sa\/wp-json\/wp\/v2\/tags?post=869"}],"curies":[{"name":"wp","href":"https:\/\/api.w.org\/{rel}","templated":true}]}}