{"id":8671,"date":"2022-07-10T23:52:05","date_gmt":"2022-07-11T02:52:05","guid":{"rendered":"https:\/\/blogs.correiobraziliense.com.br\/capital-sa\/?p=8671"},"modified":"2022-07-11T15:52:56","modified_gmt":"2022-07-11T18:52:56","slug":"grupo-flora-muda-formulas-e-investe-em-produtos-veganos","status":"publish","type":"post","link":"https:\/\/blogs.correiobraziliense.com.br\/capital-sa\/2022\/07\/10\/grupo-flora-muda-formulas-e-investe-em-produtos-veganos\/","title":{"rendered":"Grupo Flora muda f\u00f3rmulas e investe em produtos veganos"},"content":{"rendered":"<p class=\"p1\">Por Samanta Sallum<\/p>\n<p>O grupo Flora, detentora de marcas Francis, Minuano e Neutrox, criou par\u00e2metros de sustentabilidade para avaliar todos os produtos de seu portf\u00f3lio. Ao longo de 2021, avaliou os 300 itens que comercializa no Brasil. E, agora, os primeiros produtos reformulados chegam \u00e0s g\u00f4ndolas.<\/p>\n<p class=\"p1\"><span class=\"s1\">Em 2021, foram investidos\u00a0<\/span>R$ 10,6 milh\u00f5es em projetos de inova\u00e7\u00e3o. \u201cAvaliamos\u00a0todos os nossos produtos, o que nos fez enxergar diversas oportunidades de aprimoramento e mudan\u00e7as poss\u00edveis\u201d, destacou Cintia Fuchs, diretora de Pesquisa &amp; Desenvolvimento da Flora.<\/p>\n<p>A jornada de inova\u00e7\u00e3o e tecnologia marca a metamorfose de Francis durante a celebra\u00e7\u00e3o de anivers\u00e1rio de 50 anos da marca.\u00a0A nova linha obteve certifica\u00e7\u00e3o do veganismo.org. A mat\u00e9ria-prima animal foi substitu\u00edda por \u00f3leos de origem vegetal.<\/p>\n<p><b>Produtos com vers\u00f5es veganas da Flora:<\/b><\/p>\n<p><b>OX Cosm\u00e9ticos<br \/>\nNeutrox<br \/>\nKolene<br \/>\nFrancis\u00a0<\/b><\/p>\n<p>Segundo levantamento da Mintel, sobre os h\u00e1bitos do consumidor de beleza no Brasil, 53% das pessoas afirmam buscar por produtos naturais e 28% se queixam de n\u00e3o encontrar produtos veganos nas lojas que frequentam.<\/p>\n<p class=\"p1\"><span class=\"s1\">Francis sabonetes apresentou crescimento de 5,3% em 2021 em compara\u00e7\u00e3o ao ano anterior, isso em uma categoria que j\u00e1 est\u00e1 presente em mais de 80% dos lares brasileiros. Na linha de desodorantes, por sua vez, o aumento ficou na casa dos 23,6% e com potencial de crescimento. Essa categoria movimenta R$ 12 bilh\u00f5es por ano no Brasil.<\/span><\/p>\n<p class=\"p1\"><span class=\"s1\">O segmento de higiene pessoal &#8211; como um todo &#8211; apresentou crescimento de 4,7% em vendas neste mesmo per\u00edodo (2021), segundo a Associa\u00e7\u00e3o Brasileira da Ind\u00fastria de Higiene Pessoal, Perfumaria e Cosm\u00e9ticos (ABIHPEC).<\/span><\/p>\n<p>&nbsp;<\/p>\n","protected":false},"excerpt":{"rendered":"<p>Por Samanta Sallum O grupo Flora, detentora de marcas Francis, Minuano e Neutrox, criou par\u00e2metros de sustentabilidade para avaliar todos os produtos de seu portf\u00f3lio. Ao longo de 2021, avaliou os 300 itens que comercializa no Brasil. E, agora, os primeiros produtos reformulados chegam \u00e0s g\u00f4ndolas. Em 2021, foram investidos\u00a0R$ 10,6 milh\u00f5es em projetos de inova\u00e7\u00e3o. \u201cAvaliamos\u00a0todos os nossos produtos, [&hellip;]<\/p>\n","protected":false},"author":125,"featured_media":8684,"comment_status":"open","ping_status":"open","sticky":false,"template":"","format":"standard","meta":{"footnotes":""},"categories":[6],"tags":[1235,1234,1233,1230,1231,326,1232],"class_list":["post-8671","post","type-post","status-publish","format-standard","has-post-thumbnail","hentry","category-coluna-capital-s-a","tag-abihpec","tag-beleza","tag-francissabonete","tag-grupoflora","tag-portfolio","tag-sustentabilidade","tag-veganismo"],"_links":{"self":[{"href":"https:\/\/blogs.correiobraziliense.com.br\/capital-sa\/wp-json\/wp\/v2\/posts\/8671","targetHints":{"allow":["GET"]}}],"collection":[{"href":"https:\/\/blogs.correiobraziliense.com.br\/capital-sa\/wp-json\/wp\/v2\/posts"}],"about":[{"href":"https:\/\/blogs.correiobraziliense.com.br\/capital-sa\/wp-json\/wp\/v2\/types\/post"}],"author":[{"embeddable":true,"href":"https:\/\/blogs.correiobraziliense.com.br\/capital-sa\/wp-json\/wp\/v2\/users\/125"}],"replies":[{"embeddable":true,"href":"https:\/\/blogs.correiobraziliense.com.br\/capital-sa\/wp-json\/wp\/v2\/comments?post=8671"}],"version-history":[{"count":14,"href":"https:\/\/blogs.correiobraziliense.com.br\/capital-sa\/wp-json\/wp\/v2\/posts\/8671\/revisions"}],"predecessor-version":[{"id":8713,"href":"https:\/\/blogs.correiobraziliense.com.br\/capital-sa\/wp-json\/wp\/v2\/posts\/8671\/revisions\/8713"}],"wp:featuredmedia":[{"embeddable":true,"href":"https:\/\/blogs.correiobraziliense.com.br\/capital-sa\/wp-json\/wp\/v2\/media\/8684"}],"wp:attachment":[{"href":"https:\/\/blogs.correiobraziliense.com.br\/capital-sa\/wp-json\/wp\/v2\/media?parent=8671"}],"wp:term":[{"taxonomy":"category","embeddable":true,"href":"https:\/\/blogs.correiobraziliense.com.br\/capital-sa\/wp-json\/wp\/v2\/categories?post=8671"},{"taxonomy":"post_tag","embeddable":true,"href":"https:\/\/blogs.correiobraziliense.com.br\/capital-sa\/wp-json\/wp\/v2\/tags?post=8671"}],"curies":[{"name":"wp","href":"https:\/\/api.w.org\/{rel}","templated":true}]}}