{"id":8661,"date":"2022-07-10T23:26:07","date_gmt":"2022-07-11T02:26:07","guid":{"rendered":"https:\/\/blogs.correiobraziliense.com.br\/capital-sa\/?p=8661"},"modified":"2022-07-11T15:09:33","modified_gmt":"2022-07-11T18:09:33","slug":"empresa-mexicana-de-colchoes-na-caixa-entra-no-mercado-brasileiro","status":"publish","type":"post","link":"https:\/\/blogs.correiobraziliense.com.br\/capital-sa\/2022\/07\/10\/empresa-mexicana-de-colchoes-na-caixa-entra-no-mercado-brasileiro\/","title":{"rendered":"Empresa mexicana de colch\u00f5es \u201cna caixa\u201d entra no mercado brasileiro"},"content":{"rendered":"<p class=\"p1\">A Luuna, marca pioneira no conceito de colch\u00e3o na caixa, acaba de desembarcar no Brasil com a miss\u00e3o de conquistar mercado. A empresa estima faturar mais de R$ 100 milh\u00f5es no pa\u00eds j\u00e1 em 2023. Pretende inaugurar sua primeira loja f\u00edsica no pa\u00eds ainda neste ano em Sao Paulo e contratar mais de 100 colaboradores. O Distrito Federal est\u00e1 no radar da empresa, que vai abrir uma unidade aqui em 2023.<\/p>\n<p class=\"p1\">Fundada em 2015, no M\u00e9xico, a Luuna desenvolveu o primeiro colch\u00e3o na caixa da Am\u00e9rica Latina. Com mais de 500 mil clientes, a empresa iniciou o processo de expans\u00e3o internacional em 2019, nos Estados Unidos.<\/p>\n<p><img loading=\"lazy\" decoding=\"async\" class=\"aligncenter size-medium wp-image-8667\" src=\"https:\/\/blogs.correiobraziliense.com.br\/capital-sa\/wp-content\/uploads\/sites\/59\/2022\/07\/822726DD-953A-4DDF-B5FB-5CBB997325F0-300x241.jpeg\" alt=\"\" width=\"300\" height=\"241\" srcset=\"https:\/\/blogs.correiobraziliense.com.br\/capital-sa\/wp-content\/uploads\/sites\/59\/2022\/07\/822726DD-953A-4DDF-B5FB-5CBB997325F0-300x241.jpeg 300w, https:\/\/blogs.correiobraziliense.com.br\/capital-sa\/wp-content\/uploads\/sites\/59\/2022\/07\/822726DD-953A-4DDF-B5FB-5CBB997325F0-550x442.jpeg 550w, https:\/\/blogs.correiobraziliense.com.br\/capital-sa\/wp-content\/uploads\/sites\/59\/2022\/07\/822726DD-953A-4DDF-B5FB-5CBB997325F0-230x185.jpeg 230w, https:\/\/blogs.correiobraziliense.com.br\/capital-sa\/wp-content\/uploads\/sites\/59\/2022\/07\/822726DD-953A-4DDF-B5FB-5CBB997325F0.jpeg 566w\" sizes=\"auto, (max-width: 300px) 100vw, 300px\" \/><\/p>\n<p class=\"p1\"><span class=\"s1\"><b>Tecnologia aeroespacial\u00a0<\/b><\/span><\/p>\n<p class=\"p1\"><span class=\"s1\">\u201cLevamos anos estudando o setor e contamos com uma equipe de desenvolvimento e inova\u00e7\u00e3o de projeto, liderada por uma engenheira aeroespacial, para encontrar materiais que melhorem a qualidade de sono das pessoas\u201d,<span class=\"Apple-converted-space\">\u00a0 <\/span>explica Valter Rold\u00e3o, diretor da Luuna no Brasil (foto).<\/span><\/p>\n<p class=\"p1\"><span class=\"s1\">Por conta da tecnologia de compress\u00e3o e embalagem, um colch\u00e3o King (193 cm x 203 cm) com densidade de quatro espumas cabe em uma caixa de pouco mais de um metro c\u00fabico. Facilita o transporte. O dono do colch\u00e3o pode lev\u00e1-lo com praticidade para diversos lugares.<\/span><\/p>\n","protected":false},"excerpt":{"rendered":"<p>A Luuna, marca pioneira no conceito de colch\u00e3o na caixa, acaba de desembarcar no Brasil com a miss\u00e3o de conquistar mercado. A empresa estima faturar mais de R$ 100 milh\u00f5es no pa\u00eds j\u00e1 em 2023. Pretende inaugurar sua primeira loja f\u00edsica no pa\u00eds ainda neste ano em Sao Paulo e contratar mais de 100 colaboradores. O Distrito Federal est\u00e1 no [&hellip;]<\/p>\n","protected":false},"author":125,"featured_media":8669,"comment_status":"open","ping_status":"open","sticky":false,"template":"","format":"standard","meta":{"footnotes":""},"categories":[6],"tags":[1228,374,1227,1229],"class_list":["post-8661","post","type-post","status-publish","format-standard","has-post-thumbnail","hentry","category-coluna-capital-s-a","tag-colchoes","tag-expansao","tag-luuna","tag-mexico"],"_links":{"self":[{"href":"https:\/\/blogs.correiobraziliense.com.br\/capital-sa\/wp-json\/wp\/v2\/posts\/8661","targetHints":{"allow":["GET"]}}],"collection":[{"href":"https:\/\/blogs.correiobraziliense.com.br\/capital-sa\/wp-json\/wp\/v2\/posts"}],"about":[{"href":"https:\/\/blogs.correiobraziliense.com.br\/capital-sa\/wp-json\/wp\/v2\/types\/post"}],"author":[{"embeddable":true,"href":"https:\/\/blogs.correiobraziliense.com.br\/capital-sa\/wp-json\/wp\/v2\/users\/125"}],"replies":[{"embeddable":true,"href":"https:\/\/blogs.correiobraziliense.com.br\/capital-sa\/wp-json\/wp\/v2\/comments?post=8661"}],"version-history":[{"count":8,"href":"https:\/\/blogs.correiobraziliense.com.br\/capital-sa\/wp-json\/wp\/v2\/posts\/8661\/revisions"}],"predecessor-version":[{"id":8698,"href":"https:\/\/blogs.correiobraziliense.com.br\/capital-sa\/wp-json\/wp\/v2\/posts\/8661\/revisions\/8698"}],"wp:featuredmedia":[{"embeddable":true,"href":"https:\/\/blogs.correiobraziliense.com.br\/capital-sa\/wp-json\/wp\/v2\/media\/8669"}],"wp:attachment":[{"href":"https:\/\/blogs.correiobraziliense.com.br\/capital-sa\/wp-json\/wp\/v2\/media?parent=8661"}],"wp:term":[{"taxonomy":"category","embeddable":true,"href":"https:\/\/blogs.correiobraziliense.com.br\/capital-sa\/wp-json\/wp\/v2\/categories?post=8661"},{"taxonomy":"post_tag","embeddable":true,"href":"https:\/\/blogs.correiobraziliense.com.br\/capital-sa\/wp-json\/wp\/v2\/tags?post=8661"}],"curies":[{"name":"wp","href":"https:\/\/api.w.org\/{rel}","templated":true}]}}