{"id":8642,"date":"2022-07-10T22:52:57","date_gmt":"2022-07-11T01:52:57","guid":{"rendered":"https:\/\/blogs.correiobraziliense.com.br\/capital-sa\/?p=8642"},"modified":"2022-07-11T15:45:11","modified_gmt":"2022-07-11T18:45:11","slug":"centro-de-convencoes-israel-pinheiro-inaugura-vila-junina","status":"publish","type":"post","link":"https:\/\/blogs.correiobraziliense.com.br\/capital-sa\/2022\/07\/10\/centro-de-convencoes-israel-pinheiro-inaugura-vila-junina\/","title":{"rendered":"Centro de Conven\u00e7\u00f5es Israel Pinheiro inaugura Vila Junina"},"content":{"rendered":"<p class=\"p1\">Por Samanta Sallum<\/p>\n<p class=\"p1\"><span class=\"s1\">Com 10 mil metros de \u00e1rea verde e vista para o Lago Parano\u00e1, decora\u00e7\u00e3o cenogr\u00e1fica e capacidade para at\u00e9 1.200 pessoas, a Vila Junina do CCIP &#8211; Centro de Conven\u00e7\u00f5es Israel Pinheiro foi criada para eventos corporativos.<\/span><\/p>\n<p>A gestora do CCIP, Ana Lu\u00edsa Cunha Campos, teve a ideia de criar o espa\u00e7o em parceria com Maria Yvonne Decora\u00e7\u00f5es, C\u00e1psula Publicidade e Carlitos Buffet.<\/p>\n<p><img loading=\"lazy\" decoding=\"async\" class=\"aligncenter size-medium wp-image-8649\" src=\"https:\/\/blogs.correiobraziliense.com.br\/capital-sa\/wp-content\/uploads\/sites\/59\/2022\/07\/EC7DFBBF-70DE-474B-A8B5-34D0C7F22D69-300x281.jpeg\" alt=\"\" width=\"300\" height=\"281\" srcset=\"https:\/\/blogs.correiobraziliense.com.br\/capital-sa\/wp-content\/uploads\/sites\/59\/2022\/07\/EC7DFBBF-70DE-474B-A8B5-34D0C7F22D69-300x281.jpeg 300w, https:\/\/blogs.correiobraziliense.com.br\/capital-sa\/wp-content\/uploads\/sites\/59\/2022\/07\/EC7DFBBF-70DE-474B-A8B5-34D0C7F22D69-230x215.jpeg 230w, https:\/\/blogs.correiobraziliense.com.br\/capital-sa\/wp-content\/uploads\/sites\/59\/2022\/07\/EC7DFBBF-70DE-474B-A8B5-34D0C7F22D69.jpeg 439w\" sizes=\"auto, (max-width: 300px) 100vw, 300px\" \/><\/p>\n<p>\u201cO espa\u00e7o \u00e9 maravilhoso, ao ar livre, temos toda a infraestrutura para oferecer. \u00c9 tempo de celebrar o retorno dos eventos presenciais, e as festas juninas fazem parte da nossa tradi\u00e7\u00e3o cultural. \u00c9 uma forma l\u00fadica de promover encontros institucionais\u201d, refor\u00e7a Ana Lu\u00edsa.<\/p>\n<p>As empresas podem fechar pacotes com todos os servi\u00e7os de uma t\u00edpica festa junina para oferecer aos colaboradores, parceiros e clientes. A temporada vai at\u00e9 setembro.<\/p>\n","protected":false},"excerpt":{"rendered":"<p>Por Samanta Sallum Com 10 mil metros de \u00e1rea verde e vista para o Lago Parano\u00e1, decora\u00e7\u00e3o cenogr\u00e1fica e capacidade para at\u00e9 1.200 pessoas, a Vila Junina do CCIP &#8211; Centro de Conven\u00e7\u00f5es Israel Pinheiro foi criada para eventos corporativos. A gestora do CCIP, Ana Lu\u00edsa Cunha Campos, teve a ideia de criar o espa\u00e7o em parceria com Maria Yvonne [&hellip;]<\/p>\n","protected":false},"author":125,"featured_media":8648,"comment_status":"open","ping_status":"open","sticky":false,"template":"","format":"standard","meta":{"footnotes":""},"categories":[6],"tags":[1221,1143,1222,82],"class_list":["post-8642","post","type-post","status-publish","format-standard","has-post-thumbnail","hentry","category-coluna-capital-s-a","tag-centrodeconvencoesisraelpinheiro","tag-festajunina","tag-vila","tag-eventos"],"_links":{"self":[{"href":"https:\/\/blogs.correiobraziliense.com.br\/capital-sa\/wp-json\/wp\/v2\/posts\/8642","targetHints":{"allow":["GET"]}}],"collection":[{"href":"https:\/\/blogs.correiobraziliense.com.br\/capital-sa\/wp-json\/wp\/v2\/posts"}],"about":[{"href":"https:\/\/blogs.correiobraziliense.com.br\/capital-sa\/wp-json\/wp\/v2\/types\/post"}],"author":[{"embeddable":true,"href":"https:\/\/blogs.correiobraziliense.com.br\/capital-sa\/wp-json\/wp\/v2\/users\/125"}],"replies":[{"embeddable":true,"href":"https:\/\/blogs.correiobraziliense.com.br\/capital-sa\/wp-json\/wp\/v2\/comments?post=8642"}],"version-history":[{"count":9,"href":"https:\/\/blogs.correiobraziliense.com.br\/capital-sa\/wp-json\/wp\/v2\/posts\/8642\/revisions"}],"predecessor-version":[{"id":8711,"href":"https:\/\/blogs.correiobraziliense.com.br\/capital-sa\/wp-json\/wp\/v2\/posts\/8642\/revisions\/8711"}],"wp:featuredmedia":[{"embeddable":true,"href":"https:\/\/blogs.correiobraziliense.com.br\/capital-sa\/wp-json\/wp\/v2\/media\/8648"}],"wp:attachment":[{"href":"https:\/\/blogs.correiobraziliense.com.br\/capital-sa\/wp-json\/wp\/v2\/media?parent=8642"}],"wp:term":[{"taxonomy":"category","embeddable":true,"href":"https:\/\/blogs.correiobraziliense.com.br\/capital-sa\/wp-json\/wp\/v2\/categories?post=8642"},{"taxonomy":"post_tag","embeddable":true,"href":"https:\/\/blogs.correiobraziliense.com.br\/capital-sa\/wp-json\/wp\/v2\/tags?post=8642"}],"curies":[{"name":"wp","href":"https:\/\/api.w.org\/{rel}","templated":true}]}}