{"id":8597,"date":"2022-07-07T19:38:24","date_gmt":"2022-07-07T22:38:24","guid":{"rendered":"https:\/\/blogs.correiobraziliense.com.br\/capital-sa\/?p=8597"},"modified":"2022-07-07T21:38:11","modified_gmt":"2022-07-08T00:38:11","slug":"sindicato-dos-postos-de-reage-a-decreto-de-bolsonaro","status":"publish","type":"post","link":"https:\/\/blogs.correiobraziliense.com.br\/capital-sa\/2022\/07\/07\/sindicato-dos-postos-de-reage-a-decreto-de-bolsonaro\/","title":{"rendered":"Sindicato dos Postos de Combust\u00edveis reage a decreto de Bolsonaro"},"content":{"rendered":"<div class=\"gmail_quote\">\n<p style=\"text-align: left\"><span style=\"font-size: large\">Por Samanta Sallum\u00a0<\/span><\/p>\n<p>Apesar de cr\u00edticas \u00e0 medida, os postos de gasolina assumiram o compromisso de cumprir o decreto do presidente Jair Bolsonaro, que obriga os estabelecimentos a instalar placa divulgando a redu\u00e7\u00e3o de pre\u00e7os em decorr\u00eancia do novo teto de ICMS para o setor. \u00a0No entanto, segundo os revendedores, a lei federal que limitou a cobran\u00e7a do imposto pelos estados n\u00e3o \u00e9 suficiente para conter o valor na bomba.<\/p>\n<p>A guerra entre a R\u00fassia e a Ucr\u00e2nia e o aumento do d\u00f3lar far\u00e3o a Petrobras subir novamente os pre\u00e7os, gerando um efeito cascata na infla\u00e7\u00e3o do pa\u00eds.<\/p>\n<\/div>\n<div class=\"gmail_quote\"><span style=\"font-size: large\">\u201cEntendemos ser realmente desnecess\u00e1ria essa placa. Se houver aumento nas refinarias e a Petrobras fizer novos reajustes, isso, sim, vai elevar novamente os pre\u00e7os. Se a guerra entre a R\u00fassia e a Ucr\u00e2nia piorar, somando ainda a eleva\u00e7\u00e3o do d\u00f3lar, a Petrobras ter\u00e1 de repassar esses valores por for\u00e7a de contrato. Como o consumidor vai entender tudo isso?\u201d, apontou o presidente do Sindicato dos Postos de Combust\u00edveis do DF, Paulo Tavares.<\/span><\/div>\n<div class=\"gmail_quote\"><span style=\"font-size: large\">\u00a0<\/span><\/div>\n<div class=\"gmail_quote\">O sindicato garante que o mercado j\u00e1 vem transferindo as redu\u00e7\u00f5es de ICMS para o consumidor. \u201cN\u00e3o h\u00e1 como jogar agora a conta do imbr\u00f3glio de pre\u00e7os para o revendedor. E n\u00e3o h\u00e1 tamb\u00e9m como obrigar o revendedor a ter essa placa. Entretanto, estamos encaminhando \u00e0 nossa base uma circular orientando o cumprimento desse decreto\u201d, refor\u00e7ou Tavares.<\/div>\n<div><\/div>\n<div><b>Procon<\/b><\/div>\n<div>\n<p class=\"p1\"><span class=\"s1\">Os Procons estaduais e\/ou municipais e ANP estar\u00e3o a partir de segunda-feira (11\/7) realizando vistorias aos estabelecimentos quanto ao cumprimento do decreto.<\/span><\/p>\n<p class=\"p1\"><span class=\"s1\">Neste primeiro momento, a atua\u00e7\u00e3o dos \u00f3rg\u00e3os de fiscaliza\u00e7\u00e3o ser\u00e1 instrutiva, com a inten\u00e7\u00e3o de solicitar o cumprimento com brevidade.<\/span><\/p>\n<\/div>\n<div>Foi realizada hoje uma reuni\u00e3o entre a Fecombust\u00edveis e o Minist\u00e9rio de Minas e Energia com a presen\u00e7a do presidente Jemes Thorp, da entidade, e os 5 vice-presidentes regionais, representando cada regi\u00e3o do Brasil, al\u00e9m de representantes da ANP e da Senacon.<\/div>\n<div>\n<p class=\"p1\"><span class=\"s1\">Foram firmados os seguintes pontos:<\/span><\/p>\n<p class=\"p1\"><span class=\"s2\">\uf0b7<\/span><span class=\"s1\"> A placa dever\u00e1 ter as informa\u00e7\u00f5es solicitadas no decreto com data de 22\/6\/2022;<\/span><\/p>\n<p class=\"p1\"><span class=\"s2\">\uf0b7<\/span><span class=\"s1\"> N\u00e3o h\u00e1 modelo espec\u00edfico, entretanto, pode adotar um padr\u00e3o com base no Decreto\u00a0<\/span>10.634;<\/p>\n<p class=\"p1\"><span class=\"s2\">\uf0b7<\/span> O modelo poder\u00e1 ser impresso em papel of\u00edcio e anexado em qualquer lugar do estabelecimento de f\u00e1cil visualiza\u00e7\u00e3o para o consumidor;<\/p>\n<p class=\"p1\"><span class=\"s2\">\uf0b7<\/span><span class=\"s1\"> Os Procons estaduais e\/ou municipais e a ANP estar\u00e3o a partir de segunda-feira (11\/7) realizando vistorias aos estabelecimentos quanto ao cumprimento do decreto;<\/span><\/p>\n<p class=\"p1\"><span class=\"s2\">\uf0b7<\/span><span class=\"s1\"> Na sexta-feira (amanh\u00e3<\/span><span class=\"s1\">) ser\u00e1 apresentada uma nota t\u00e9cnica conjunta entre a ANP, a Senacon e<\/span>\u00a0a Fecombust\u00edveis com essas informa\u00e7\u00f5es.<\/p>\n<\/div>\n<div><\/div>\n<div class=\"gmail_quote\"><\/div>\n","protected":false},"excerpt":{"rendered":"<p>Por Samanta Sallum\u00a0 Apesar de cr\u00edticas \u00e0 medida, os postos de gasolina assumiram o compromisso de cumprir o decreto do presidente Jair Bolsonaro, que obriga os estabelecimentos a instalar placa divulgando a redu\u00e7\u00e3o de pre\u00e7os em decorr\u00eancia do novo teto de ICMS para o setor. \u00a0No entanto, segundo os revendedores, a lei federal que limitou a cobran\u00e7a do imposto pelos [&hellip;]<\/p>\n","protected":false},"author":125,"featured_media":8603,"comment_status":"open","ping_status":"open","sticky":false,"template":"","format":"standard","meta":{"footnotes":""},"categories":[6],"tags":[1206,702,505,741,1208,378,1205,1004,1204,1183,1032,1207],"class_list":["post-8597","post","type-post","status-publish","format-standard","has-post-thumbnail","hentry","category-coluna-capital-s-a","tag-anp","tag-aumento","tag-combustiveis","tag-decreto","tag-fecombustiveis","tag-icms","tag-informacao","tag-jairbolsonaro","tag-placa","tag-postos","tag-preco","tag-senacon"],"_links":{"self":[{"href":"https:\/\/blogs.correiobraziliense.com.br\/capital-sa\/wp-json\/wp\/v2\/posts\/8597","targetHints":{"allow":["GET"]}}],"collection":[{"href":"https:\/\/blogs.correiobraziliense.com.br\/capital-sa\/wp-json\/wp\/v2\/posts"}],"about":[{"href":"https:\/\/blogs.correiobraziliense.com.br\/capital-sa\/wp-json\/wp\/v2\/types\/post"}],"author":[{"embeddable":true,"href":"https:\/\/blogs.correiobraziliense.com.br\/capital-sa\/wp-json\/wp\/v2\/users\/125"}],"replies":[{"embeddable":true,"href":"https:\/\/blogs.correiobraziliense.com.br\/capital-sa\/wp-json\/wp\/v2\/comments?post=8597"}],"version-history":[{"count":14,"href":"https:\/\/blogs.correiobraziliense.com.br\/capital-sa\/wp-json\/wp\/v2\/posts\/8597\/revisions"}],"predecessor-version":[{"id":8614,"href":"https:\/\/blogs.correiobraziliense.com.br\/capital-sa\/wp-json\/wp\/v2\/posts\/8597\/revisions\/8614"}],"wp:featuredmedia":[{"embeddable":true,"href":"https:\/\/blogs.correiobraziliense.com.br\/capital-sa\/wp-json\/wp\/v2\/media\/8603"}],"wp:attachment":[{"href":"https:\/\/blogs.correiobraziliense.com.br\/capital-sa\/wp-json\/wp\/v2\/media?parent=8597"}],"wp:term":[{"taxonomy":"category","embeddable":true,"href":"https:\/\/blogs.correiobraziliense.com.br\/capital-sa\/wp-json\/wp\/v2\/categories?post=8597"},{"taxonomy":"post_tag","embeddable":true,"href":"https:\/\/blogs.correiobraziliense.com.br\/capital-sa\/wp-json\/wp\/v2\/tags?post=8597"}],"curies":[{"name":"wp","href":"https:\/\/api.w.org\/{rel}","templated":true}]}}