{"id":8569,"date":"2022-07-06T14:34:46","date_gmt":"2022-07-06T17:34:46","guid":{"rendered":"https:\/\/blogs.correiobraziliense.com.br\/capital-sa\/?p=8569"},"modified":"2022-07-06T15:23:53","modified_gmt":"2022-07-06T18:23:53","slug":"liderancas-femininas-estao-nas-melhores-empresas-para-se-trabalhar-do-centro-oeste","status":"publish","type":"post","link":"https:\/\/blogs.correiobraziliense.com.br\/capital-sa\/2022\/07\/06\/liderancas-femininas-estao-nas-melhores-empresas-para-se-trabalhar-do-centro-oeste\/","title":{"rendered":"Lideran\u00e7as femininas est\u00e3o nas melhores empresas para se trabalhar do Centro-Oeste"},"content":{"rendered":"<div><span style=\"font-size: large\">Por Samanta Sallum\u00a0<\/span><\/div>\n<div><span style=\"font-size: large\">\u00a0<\/span><\/div>\n<div><span style=\"font-size: large\">Brasal,\u00a0Levvo e Ancar Ivanhoe (\u00e0 frente dos shoppings Conjunto Nacional e Boulevard) foram as tr\u00eas primeiras colocadas no ranking de empresas de porte m\u00e9dio do Centro-Oeste consideradas as melhores para se trabalhar. Foram reconhecidas pela premia\u00e7\u00e3o Great Place to Work 2022. Na categoria Grandes Empresas, aparecem a Wiz Solu\u00e7\u00f5es,\u00a0o Grupo Sabin de Medicina Diagn\u00f3stica e a Energisa.<\/span><\/div>\n<div><\/div>\n<div>\n<p><span style=\"font-size: large\">Pelo menos, duas das empresas no topo do ranking t\u00eam mulheres na lideran\u00e7a. Laura de Oliveira, CEO da Levvo, e L\u00eddia\u00a0Abdalla, presidente do Grupo Sabin, receberam a premia\u00e7\u00e3o, em Goi\u00e2nia, na semana passada.<\/span><\/p>\n<p>&nbsp;<\/p>\n<\/div>\n<div><\/div>\n<div><\/div>\n<blockquote>\n<div>\u201cEstamos orgulhosos pelo reconhecimento, fruto do\u00a0<span style=\"font-size: large\">nosso<\/span>\u00a0cuidado com a valoriza\u00e7\u00e3o das pessoas, com ado\u00e7\u00e3o de uma ambiente de trabalho humanizado\u201d, ressalta\u00a0L\u00eddia.<\/div>\n<div><span style=\"font-size: large\">\u00a0<\/span><\/div>\n<\/blockquote>\n<div><strong>Diversidade e Sustentabilidade\u00a0<\/strong><\/div>\n<div><strong><span style=\"font-size: large\">\u00a0<\/span><\/strong><\/div>\n<div><span style=\"font-size: large\">A CEO da Levvo, empresa que tem as franquias McDonald\u2019s no DF, foi especialmente convidada pelo head office da rede de fast-food para uma palestra, em S\u00e3o Paulo, direcionada a 1,5 mil gerentes das lanchonetes de todo o pa\u00eds. \u201cSomos um empreendimento que preza a diversidade e a sustentabilidade. Fiquei tamb\u00e9m muito feliz em dar mais essa contribui\u00e7\u00e3o.\u201d<\/span><\/div>\n<div><span style=\"font-size: large\">\u00a0<\/span><\/div>\n<div><span style=\"font-size: large\"><b>F\u00f3rum Nacional da Mulher Empres\u00e1ria<\/b><\/span><\/div>\n<div><\/div>\n<div><img loading=\"lazy\" decoding=\"async\" class=\"aligncenter size-medium wp-image-8576\" src=\"https:\/\/blogs.correiobraziliense.com.br\/capital-sa\/wp-content\/uploads\/sites\/59\/2022\/07\/4B4FE33A-3AB0-488B-BED2-17009FF62F4A-273x300.jpeg\" alt=\"\" width=\"273\" height=\"300\" srcset=\"https:\/\/blogs.correiobraziliense.com.br\/capital-sa\/wp-content\/uploads\/sites\/59\/2022\/07\/4B4FE33A-3AB0-488B-BED2-17009FF62F4A-273x300.jpeg 273w, https:\/\/blogs.correiobraziliense.com.br\/capital-sa\/wp-content\/uploads\/sites\/59\/2022\/07\/4B4FE33A-3AB0-488B-BED2-17009FF62F4A-230x253.jpeg 230w, https:\/\/blogs.correiobraziliense.com.br\/capital-sa\/wp-content\/uploads\/sites\/59\/2022\/07\/4B4FE33A-3AB0-488B-BED2-17009FF62F4A.jpeg 453w\" sizes=\"auto, (max-width: 273px) 100vw, 273px\" \/><\/div>\n<div><span style=\"font-size: large\"><b>\u00a0<\/b><\/span><\/div>\n<div><span style=\"font-size: large\">A nova presidente da Caixa, Daniella Marques, \u00e9 atuante entre o empresariado feminino. Em maio, estreitou o relacionamento com diversas lideran\u00e7as do segmento e ganhou a simpatia delas durante evento da Confedera\u00e7\u00e3o Nacional da Ind\u00fastria (CNI).<br \/>\n<\/span><\/div>\n<div><\/div>\n<div><span style=\"font-size: large\">Na ocasi\u00e3o, foi criado o F\u00f3rum Nacional da Mulher\u00a0Empres\u00e1ria, formado por 30 executivas, entre elas algumas de Bras\u00edlia, como Janete Vaz, Sandra Costa, Beatriz Guimar\u00e3es e Laura de Oliveira. Daniella, como ent\u00e3o secret\u00e1ria de Produtividade e Competitividade do Minist\u00e9rio da Economia, apresentou o painel Acesso ao Financiamento.<br \/>\n<\/span><\/div>\n<div><\/div>\n<div><span style=\"font-size: large\">Agora, \u00e0 frente da Caixa, se espera que ela d\u00ea aten\u00e7\u00e3o \u00e0 grande quantidade de empreendedoras que necessitam principalmente de microcr\u00e9dito.<\/span><\/div>\n","protected":false},"excerpt":{"rendered":"<p>Por Samanta Sallum\u00a0 \u00a0 Brasal,\u00a0Levvo e Ancar Ivanhoe (\u00e0 frente dos shoppings Conjunto Nacional e Boulevard) foram as tr\u00eas primeiras colocadas no ranking de empresas de porte m\u00e9dio do Centro-Oeste consideradas as melhores para se trabalhar. Foram reconhecidas pela premia\u00e7\u00e3o Great Place to Work 2022. Na categoria Grandes Empresas, aparecem a Wiz Solu\u00e7\u00f5es,\u00a0o Grupo Sabin de Medicina Diagn\u00f3stica e a [&hellip;]<\/p>\n","protected":false},"author":125,"featured_media":8574,"comment_status":"open","ping_status":"open","sticky":false,"template":"","format":"standard","meta":{"footnotes":""},"categories":[1],"tags":[1203,564,1202,1201,823],"class_list":["post-8569","post","type-post","status-publish","format-standard","has-post-thumbnail","hentry","category-sem-categoria","tag-greatplacetowork","tag-liderancasfemininas","tag-melhoresempresasparatrabalhar","tag-mulheresempreendedoras","tag-premiacao"],"_links":{"self":[{"href":"https:\/\/blogs.correiobraziliense.com.br\/capital-sa\/wp-json\/wp\/v2\/posts\/8569","targetHints":{"allow":["GET"]}}],"collection":[{"href":"https:\/\/blogs.correiobraziliense.com.br\/capital-sa\/wp-json\/wp\/v2\/posts"}],"about":[{"href":"https:\/\/blogs.correiobraziliense.com.br\/capital-sa\/wp-json\/wp\/v2\/types\/post"}],"author":[{"embeddable":true,"href":"https:\/\/blogs.correiobraziliense.com.br\/capital-sa\/wp-json\/wp\/v2\/users\/125"}],"replies":[{"embeddable":true,"href":"https:\/\/blogs.correiobraziliense.com.br\/capital-sa\/wp-json\/wp\/v2\/comments?post=8569"}],"version-history":[{"count":8,"href":"https:\/\/blogs.correiobraziliense.com.br\/capital-sa\/wp-json\/wp\/v2\/posts\/8569\/revisions"}],"predecessor-version":[{"id":8582,"href":"https:\/\/blogs.correiobraziliense.com.br\/capital-sa\/wp-json\/wp\/v2\/posts\/8569\/revisions\/8582"}],"wp:featuredmedia":[{"embeddable":true,"href":"https:\/\/blogs.correiobraziliense.com.br\/capital-sa\/wp-json\/wp\/v2\/media\/8574"}],"wp:attachment":[{"href":"https:\/\/blogs.correiobraziliense.com.br\/capital-sa\/wp-json\/wp\/v2\/media?parent=8569"}],"wp:term":[{"taxonomy":"category","embeddable":true,"href":"https:\/\/blogs.correiobraziliense.com.br\/capital-sa\/wp-json\/wp\/v2\/categories?post=8569"},{"taxonomy":"post_tag","embeddable":true,"href":"https:\/\/blogs.correiobraziliense.com.br\/capital-sa\/wp-json\/wp\/v2\/tags?post=8569"}],"curies":[{"name":"wp","href":"https:\/\/api.w.org\/{rel}","templated":true}]}}