{"id":8524,"date":"2022-07-05T14:00:47","date_gmt":"2022-07-05T17:00:47","guid":{"rendered":"https:\/\/blogs.correiobraziliense.com.br\/capital-sa\/?p=8524"},"modified":"2022-07-05T16:42:53","modified_gmt":"2022-07-05T19:42:53","slug":"lei-das-antenas-no-df-abriu-caminho-para-o-5g","status":"publish","type":"post","link":"https:\/\/blogs.correiobraziliense.com.br\/capital-sa\/2022\/07\/05\/lei-das-antenas-no-df-abriu-caminho-para-o-5g\/","title":{"rendered":"Lei das Antenas no DF abriu caminho para o 5G"},"content":{"rendered":"<p class=\"p1\">Por Samanta Sallum<\/p>\n<p class=\"p1\"><span class=\"s1\">Agora \u00e9 oficial. A partir de amanh\u00e3, entra em opera\u00e7\u00e3o, em Bras\u00edlia, o sinal 5G, banda larga mais potente em telecomunica\u00e7\u00e3o. A capital federal \u00e9 a primeira regi\u00e3o do pa\u00eds a ter a nova tecnologia. A Anatel anunciou ontem o in\u00edcio do sistema no Brasil. E Bras\u00edlia sai na frente gra\u00e7as a uma prepara\u00e7\u00e3o de infraestrutura desde 2019. Uma lei distrital, aprovada em 2020, abriu caminho para que as empresas operadoras pudessem ampliar a rede de alcance. Foi autorizada a instala\u00e7\u00e3o de antenas em \u00e1reas privadas. At\u00e9 ent\u00e3o, s\u00f3 era permitida em pontos p\u00fablicos.<\/span><\/p>\n<p class=\"p1\"><span class=\"s1\">A Lei 971\/2020, de autoria da Secretaria de Desenvolvimento Urbano do DF (Seduh), tratou do licenciamento para implementa\u00e7\u00e3o das antenas de telefonia m\u00f3vel. A necessidade \u00e9 grande, porque vai crescer o tr\u00e1fego de dados em raz\u00e3o dos smartphones. A transmiss\u00e3o de um filme, por exemplo, equivale a 350 liga\u00e7\u00f5es de voz. O SindiTelebrasil apontou a lei do DF como uma das mais modernas no pa\u00eds.<\/span><\/p>\n","protected":false},"excerpt":{"rendered":"<p>Por Samanta Sallum Agora \u00e9 oficial. A partir de amanh\u00e3, entra em opera\u00e7\u00e3o, em Bras\u00edlia, o sinal 5G, banda larga mais potente em telecomunica\u00e7\u00e3o. A capital federal \u00e9 a primeira regi\u00e3o do pa\u00eds a ter a nova tecnologia. A Anatel anunciou ontem o in\u00edcio do sistema no Brasil. E Bras\u00edlia sai na frente gra\u00e7as a uma prepara\u00e7\u00e3o de infraestrutura desde [&hellip;]<\/p>\n","protected":false},"author":125,"featured_media":8528,"comment_status":"open","ping_status":"open","sticky":false,"template":"","format":"standard","meta":{"footnotes":""},"categories":[6],"tags":[1188,1191,124,1196,1197],"class_list":["post-8524","post","type-post","status-publish","format-standard","has-post-thumbnail","hentry","category-coluna-capital-s-a","tag-5g","tag-anatel","tag-brasilia","tag-leidasantena","tag-pioneira"],"_links":{"self":[{"href":"https:\/\/blogs.correiobraziliense.com.br\/capital-sa\/wp-json\/wp\/v2\/posts\/8524","targetHints":{"allow":["GET"]}}],"collection":[{"href":"https:\/\/blogs.correiobraziliense.com.br\/capital-sa\/wp-json\/wp\/v2\/posts"}],"about":[{"href":"https:\/\/blogs.correiobraziliense.com.br\/capital-sa\/wp-json\/wp\/v2\/types\/post"}],"author":[{"embeddable":true,"href":"https:\/\/blogs.correiobraziliense.com.br\/capital-sa\/wp-json\/wp\/v2\/users\/125"}],"replies":[{"embeddable":true,"href":"https:\/\/blogs.correiobraziliense.com.br\/capital-sa\/wp-json\/wp\/v2\/comments?post=8524"}],"version-history":[{"count":5,"href":"https:\/\/blogs.correiobraziliense.com.br\/capital-sa\/wp-json\/wp\/v2\/posts\/8524\/revisions"}],"predecessor-version":[{"id":8541,"href":"https:\/\/blogs.correiobraziliense.com.br\/capital-sa\/wp-json\/wp\/v2\/posts\/8524\/revisions\/8541"}],"wp:featuredmedia":[{"embeddable":true,"href":"https:\/\/blogs.correiobraziliense.com.br\/capital-sa\/wp-json\/wp\/v2\/media\/8528"}],"wp:attachment":[{"href":"https:\/\/blogs.correiobraziliense.com.br\/capital-sa\/wp-json\/wp\/v2\/media?parent=8524"}],"wp:term":[{"taxonomy":"category","embeddable":true,"href":"https:\/\/blogs.correiobraziliense.com.br\/capital-sa\/wp-json\/wp\/v2\/categories?post=8524"},{"taxonomy":"post_tag","embeddable":true,"href":"https:\/\/blogs.correiobraziliense.com.br\/capital-sa\/wp-json\/wp\/v2\/tags?post=8524"}],"curies":[{"name":"wp","href":"https:\/\/api.w.org\/{rel}","templated":true}]}}