{"id":8497,"date":"2022-07-04T13:06:47","date_gmt":"2022-07-04T16:06:47","guid":{"rendered":"https:\/\/blogs.correiobraziliense.com.br\/capital-sa\/?p=8497"},"modified":"2022-07-04T18:45:09","modified_gmt":"2022-07-04T21:45:09","slug":"gilmar-mendes-pode-virar-o-jogo-do-icms-sobre-combustiveis","status":"publish","type":"post","link":"https:\/\/blogs.correiobraziliense.com.br\/capital-sa\/2022\/07\/04\/gilmar-mendes-pode-virar-o-jogo-do-icms-sobre-combustiveis\/","title":{"rendered":"Gilmar Mendes pode virar o jogo do ICMS sobre combust\u00edveis"},"content":{"rendered":"<p class=\"p1\">Por Samanta Sallum<\/p>\n<p class=\"p1\"><span class=\"s1\">Caiu sobre o ministro do STF Gilmar Mendes a responsabilidade de conduzir a media\u00e7\u00e3o no cabo de guerra entre os estados e o governo federal por causa do teto do ICMS sobre combust\u00edveis. O ministro deu prazo de 5 dias contados durante o recesso judici\u00e1rio para que a Uni\u00e3o se manifeste sobre a proposta oficial de concilia\u00e7\u00e3o enviada pelos estados na semana passada. \u201cA Uni\u00e3o n\u00e3o pode usar seu poder legislativo e esvaziar o poder tribut\u00e1rio dos estados fora da Constitui\u00e7\u00e3o\u201d, escreveu, em sua decis\u00e3o na sexta-feira \u00e0 noite.<\/span><\/p>\n<p class=\"p1\"><span class=\"s1\"><b>Per\u00edodos de anormalidade <\/b><\/span><\/p>\n<p class=\"p1\"><span class=\"s1\">Na tentativa de concilia\u00e7\u00e3o, Mendes ressaltou que tanto os governadores quanto a Uni\u00e3o deveriam pensar \u201cno povo brasileiro, que \u00e9 quem vem sofrendo de forma mais contundente as consequ\u00eancias dos per\u00edodos de anormalidades que estamos enfrentando\u201d.<\/span><\/p>\n<p class=\"p1\"><span class=\"s1\"><b>Enxurrada de decretos estaduais <\/b><\/span><\/p>\n<p class=\"p1\"><span class=\"s1\">O Col\u00e9gio Nacional de Procuradores Gerais dos Estados e do DF (Conpeg) pediu a Mendes que suspenda a liminar, concedida em junho, pelo ministro Andre Mendon\u00e7a que determina al\u00edquota \u00fanica para o tributo no pa\u00eds. A decis\u00e3o monocr\u00e1tica passou a valer desde sexta-feira passada (1\/7), o que levou os governadores a baixarem, nos \u00faltimos dias, mesmo contra a vontade, decretos de redu\u00e7\u00e3o do ICMS sobre combust\u00edveis.<\/span><\/p>\n<p class=\"p1\"><span class=\"s1\"><b>Caos tribut\u00e1rio <\/b><\/span><\/p>\n<p class=\"p1\"><span class=\"s1\">Os estados, no entanto, alegam \u201ccaos tribut\u00e1rio\u201d e perda consider\u00e1vel de receita. O governador do DF, Ibaneis Rocha, chegou a classificar a decis\u00e3o como \u201cum preju\u00edzo\u201d aos cofres p\u00fablicos. Na capital federal, o or\u00e7amento deste ano ter\u00e1 de ser enxugado em R$ 500 milh\u00f5es como efeito colateral da medida.<\/span><\/p>\n<p class=\"p1\"><span class=\"s1\"><b>M\u00e9dia dos \u00faltimos 60 meses <\/b><\/span><\/p>\n<p class=\"p1\"><span class=\"s1\">Os estados propuseram durante a audi\u00eancia de concilia\u00e7\u00e3o com a Uni\u00e3o, presidida por Gilmar Mendes, que a al\u00edquota do ICMS sobre o diesel seja calculada com base na m\u00e9dia dos \u00faltimos 60 meses. Pedem tamb\u00e9m que a decis\u00e3o de Mendon\u00e7a seja suspensa pelo menos por 30 dias.<br \/>\n<\/span><\/p>\n<p class=\"p1\"><span class=\"s1\">H\u00e1 hoje no STF quatro a\u00e7\u00f5es que discutem o tema. Uma delas est\u00e1 com o ministro Andr\u00e9 Mendon\u00e7a. Outras duas est\u00e3o com o ministro Gilmar Mendes.<\/span><\/p>\n","protected":false},"excerpt":{"rendered":"<p>Por Samanta Sallum Caiu sobre o ministro do STF Gilmar Mendes a responsabilidade de conduzir a media\u00e7\u00e3o no cabo de guerra entre os estados e o governo federal por causa do teto do ICMS sobre combust\u00edveis. O ministro deu prazo de 5 dias contados durante o recesso judici\u00e1rio para que a Uni\u00e3o se manifeste sobre a proposta oficial de concilia\u00e7\u00e3o [&hellip;]<\/p>\n","protected":false},"author":125,"featured_media":8502,"comment_status":"open","ping_status":"open","sticky":false,"template":"","format":"standard","meta":{"footnotes":""},"categories":[6],"tags":[506,1195,505,1193,378,1194,41],"class_list":["post-8497","post","type-post","status-publish","format-standard","has-post-thumbnail","hentry","category-coluna-capital-s-a","tag-aliquota","tag-andremendonca","tag-combustiveis","tag-gilmarmendes","tag-icms","tag-liminar","tag-stf"],"_links":{"self":[{"href":"https:\/\/blogs.correiobraziliense.com.br\/capital-sa\/wp-json\/wp\/v2\/posts\/8497","targetHints":{"allow":["GET"]}}],"collection":[{"href":"https:\/\/blogs.correiobraziliense.com.br\/capital-sa\/wp-json\/wp\/v2\/posts"}],"about":[{"href":"https:\/\/blogs.correiobraziliense.com.br\/capital-sa\/wp-json\/wp\/v2\/types\/post"}],"author":[{"embeddable":true,"href":"https:\/\/blogs.correiobraziliense.com.br\/capital-sa\/wp-json\/wp\/v2\/users\/125"}],"replies":[{"embeddable":true,"href":"https:\/\/blogs.correiobraziliense.com.br\/capital-sa\/wp-json\/wp\/v2\/comments?post=8497"}],"version-history":[{"count":6,"href":"https:\/\/blogs.correiobraziliense.com.br\/capital-sa\/wp-json\/wp\/v2\/posts\/8497\/revisions"}],"predecessor-version":[{"id":8523,"href":"https:\/\/blogs.correiobraziliense.com.br\/capital-sa\/wp-json\/wp\/v2\/posts\/8497\/revisions\/8523"}],"wp:featuredmedia":[{"embeddable":true,"href":"https:\/\/blogs.correiobraziliense.com.br\/capital-sa\/wp-json\/wp\/v2\/media\/8502"}],"wp:attachment":[{"href":"https:\/\/blogs.correiobraziliense.com.br\/capital-sa\/wp-json\/wp\/v2\/media?parent=8497"}],"wp:term":[{"taxonomy":"category","embeddable":true,"href":"https:\/\/blogs.correiobraziliense.com.br\/capital-sa\/wp-json\/wp\/v2\/categories?post=8497"},{"taxonomy":"post_tag","embeddable":true,"href":"https:\/\/blogs.correiobraziliense.com.br\/capital-sa\/wp-json\/wp\/v2\/tags?post=8497"}],"curies":[{"name":"wp","href":"https:\/\/api.w.org\/{rel}","templated":true}]}}