{"id":8481,"date":"2022-06-30T11:23:16","date_gmt":"2022-06-30T14:23:16","guid":{"rendered":"https:\/\/blogs.correiobraziliense.com.br\/capital-sa\/?p=8481"},"modified":"2022-06-30T15:27:39","modified_gmt":"2022-06-30T18:27:39","slug":"fecomercio-propoe-mudancas-de-destinacao-para-lotes-desocupados-no-plano-piloto","status":"publish","type":"post","link":"https:\/\/blogs.correiobraziliense.com.br\/capital-sa\/2022\/06\/30\/fecomercio-propoe-mudancas-de-destinacao-para-lotes-desocupados-no-plano-piloto\/","title":{"rendered":"Fecom\u00e9rcio prop\u00f5e mudan\u00e7as de destina\u00e7\u00e3o para lotes desocupados no Plano Piloto"},"content":{"rendered":"<p>Por Samanta Sallum<\/p>\n<p class=\"p1\"><span class=\"s1\">Durante a primeira reuni\u00e3o da nova diretoria da Fecom\u00e9rcio, o presidente da entidade, Jos\u00e9 Aparecido Freire, apresentou um levantamento que detectou a inutiliza\u00e7\u00e3o de lotes destinados a postos de gasolina no Plano Piloto. Segundo ele, 51% dessas \u00e1reas, classificadas para esse fim h\u00e1 61 anos, est\u00e3o vazias.\u00a0<\/span><\/p>\n<blockquote>\n<p class=\"p1\"><span class=\"s1\">&#8220;Vamos apresentar um estudo ao GDF, para que possamos modificar a destina\u00e7\u00e3o desses terrenos. Isso permitir\u00e1 a instala\u00e7\u00e3o de outros tipos de empresas e atividades, j\u00e1 que esses lotes ficam pr\u00f3ximos a \u00e1reas residenciais&#8221;, informou.<\/span><\/p>\n<\/blockquote>\n<p class=\"p1\"><span class=\"s1\">O GDF apresentou tamb\u00e9m um levantamento que aponta que h\u00e1 cerca de 300 lotes no Plano desocupados destinados \u00e0 constru\u00e7\u00e3o de escolas p\u00fablicas, posto de sa\u00fade e hospitais, por exemplo, mas que n\u00e3o possuem mais demanda para esses fins.<br \/>\n<\/span><\/p>\n<p class=\"p1\"><span class=\"s1\">O governador Ibaneis Rocha \u00a0participou da reuni\u00e3o da Fecom\u00e9rcio na ter\u00e7a-feira passada na sede, no Setor Comercial Sul.<\/span><\/p>\n<p class=\"p1\"><span class=\"s1\">Ele disse que a ideia \u00e9 fazer tamb\u00e9m nesses locais desocupados uma revis\u00e3o urban\u00edstica para que possam ser reaproveitados na ativa\u00e7\u00e3o da economia da cidade, &#8220;gerando mais arrecada\u00e7\u00e3o de impostos&#8221;. Com a nova receita, se teriam<span class=\"Apple-converted-space\">\u00a0<\/span>recursos para investimento em equipamentos p\u00fablicos em outras \u00e1reas mais necessitadas.<\/span><\/p>\n","protected":false},"excerpt":{"rendered":"<p>Por Samanta Sallum Durante a primeira reuni\u00e3o da nova diretoria da Fecom\u00e9rcio, o presidente da entidade, Jos\u00e9 Aparecido Freire, apresentou um levantamento que detectou a inutiliza\u00e7\u00e3o de lotes destinados a postos de gasolina no Plano Piloto. Segundo ele, 51% dessas \u00e1reas, classificadas para esse fim h\u00e1 61 anos, est\u00e3o vazias.\u00a0 &#8220;Vamos apresentar um estudo ao GDF, para que possamos modificar [&hellip;]<\/p>\n","protected":false},"author":125,"featured_media":8496,"comment_status":"open","ping_status":"open","sticky":false,"template":"","format":"standard","meta":{"footnotes":""},"categories":[6],"tags":[1182,671,159,203,1185,1187,1186,1183,1184],"class_list":["post-8481","post","type-post","status-publish","format-standard","has-post-thumbnail","hentry","category-coluna-capital-s-a","tag-areas","tag-estudo","tag-fecomerciodf","tag-gdf","tag-inutilizacao","tag-lotes","tag-planopiloto","tag-postos","tag-terrenos"],"_links":{"self":[{"href":"https:\/\/blogs.correiobraziliense.com.br\/capital-sa\/wp-json\/wp\/v2\/posts\/8481","targetHints":{"allow":["GET"]}}],"collection":[{"href":"https:\/\/blogs.correiobraziliense.com.br\/capital-sa\/wp-json\/wp\/v2\/posts"}],"about":[{"href":"https:\/\/blogs.correiobraziliense.com.br\/capital-sa\/wp-json\/wp\/v2\/types\/post"}],"author":[{"embeddable":true,"href":"https:\/\/blogs.correiobraziliense.com.br\/capital-sa\/wp-json\/wp\/v2\/users\/125"}],"replies":[{"embeddable":true,"href":"https:\/\/blogs.correiobraziliense.com.br\/capital-sa\/wp-json\/wp\/v2\/comments?post=8481"}],"version-history":[{"count":9,"href":"https:\/\/blogs.correiobraziliense.com.br\/capital-sa\/wp-json\/wp\/v2\/posts\/8481\/revisions"}],"predecessor-version":[{"id":8494,"href":"https:\/\/blogs.correiobraziliense.com.br\/capital-sa\/wp-json\/wp\/v2\/posts\/8481\/revisions\/8494"}],"wp:featuredmedia":[{"embeddable":true,"href":"https:\/\/blogs.correiobraziliense.com.br\/capital-sa\/wp-json\/wp\/v2\/media\/8496"}],"wp:attachment":[{"href":"https:\/\/blogs.correiobraziliense.com.br\/capital-sa\/wp-json\/wp\/v2\/media?parent=8481"}],"wp:term":[{"taxonomy":"category","embeddable":true,"href":"https:\/\/blogs.correiobraziliense.com.br\/capital-sa\/wp-json\/wp\/v2\/categories?post=8481"},{"taxonomy":"post_tag","embeddable":true,"href":"https:\/\/blogs.correiobraziliense.com.br\/capital-sa\/wp-json\/wp\/v2\/tags?post=8481"}],"curies":[{"name":"wp","href":"https:\/\/api.w.org\/{rel}","templated":true}]}}