{"id":8476,"date":"2022-06-30T10:51:24","date_gmt":"2022-06-30T13:51:24","guid":{"rendered":"https:\/\/blogs.correiobraziliense.com.br\/capital-sa\/?p=8476"},"modified":"2022-06-30T12:11:04","modified_gmt":"2022-06-30T15:11:04","slug":"indice-de-confianca-do-empresario-no-df-registra-quarta-alta-seguida-no-ano","status":"publish","type":"post","link":"https:\/\/blogs.correiobraziliense.com.br\/capital-sa\/2022\/06\/30\/indice-de-confianca-do-empresario-no-df-registra-quarta-alta-seguida-no-ano\/","title":{"rendered":"\u00cdndice de confian\u00e7a do empres\u00e1rio no DF registra quarta alta seguida no ano"},"content":{"rendered":"<p>Por Samanta Sallum<\/p>\n<p class=\"p1\">Os comerciantes do Distrito Federal encerraram o primeiro semestre de 2021 com otimismo. Pesquisa sobre confian\u00e7a do empres\u00e1rio do Distrito Federal revela que o \u00edndice segue em alta desde fevereiro. Segundo levantamento da Confedera\u00e7\u00e3o Nacional do Com\u00e9rcio de Bens, Servi\u00e7os e Turismo (CNC), o patamar registrado em junho chegou a 121,7 pontos \u2013 acima da zona de satisfa\u00e7\u00e3o (100 pontos). A alta registrada em rela\u00e7\u00e3o a maio foi de 2,9%. Se comparado a junho de 2021, o n\u00famero \u00e9 bem mais expressivo, de 14,1%.<\/p>\n<p class=\"p1\"><span class=\"s1\"><b>Investimentos <\/b><\/span><\/p>\n<p class=\"p1\"><span class=\"s1\">O n\u00edvel de investimento das empresas tamb\u00e9m teve alta. Passou de 96,5, em maio, para 105,1. Isso mostra que a expectativa do setor para o segundo semestre \u00e9 positiva, j\u00e1 que se trata do per\u00edodo que concentra as principais datas comemorativas, como o Natal.<\/span><\/p>\n<p class=\"p1\"><span class=\"s1\"><b>Aux\u00edlio emergencial <\/b><\/span><\/p>\n<p class=\"p1\"><span class=\"s1\">&#8220;Esse bom cen\u00e1rio est\u00e1 relacionado a medidas de suporte \u00e0 renda, como o aux\u00edlio emergencial e os saques extraordin\u00e1rios do FGTS. A queda do desemprego no Distrito Federal, inclusive puxada pela gera\u00e7\u00e3o de vagas por parte pelo setor de com\u00e9rcio e servi\u00e7os, tamb\u00e9m est\u00e1 contribuindo&#8221;, explica o presidente do Sistema Fecom\u00e9rcio-DF, Jos\u00e9 Aparecido Freire. <\/span><\/p>\n","protected":false},"excerpt":{"rendered":"<p>Por Samanta Sallum Os comerciantes do Distrito Federal encerraram o primeiro semestre de 2021 com otimismo. Pesquisa sobre confian\u00e7a do empres\u00e1rio do Distrito Federal revela que o \u00edndice segue em alta desde fevereiro. Segundo levantamento da Confedera\u00e7\u00e3o Nacional do Com\u00e9rcio de Bens, Servi\u00e7os e Turismo (CNC), o patamar registrado em junho chegou a 121,7 pontos \u2013 acima da zona de [&hellip;]<\/p>\n","protected":false},"author":125,"featured_media":8480,"comment_status":"open","ping_status":"open","sticky":false,"template":"","format":"standard","meta":{"footnotes":""},"categories":[6],"tags":[275,1181,365,159,1180,413],"class_list":["post-8476","post","type-post","status-publish","format-standard","has-post-thumbnail","hentry","category-coluna-capital-s-a","tag-cnc","tag-comerciantes","tag-empresas","tag-fecomerciodf","tag-indicedeconfianca","tag-investimentos"],"_links":{"self":[{"href":"https:\/\/blogs.correiobraziliense.com.br\/capital-sa\/wp-json\/wp\/v2\/posts\/8476","targetHints":{"allow":["GET"]}}],"collection":[{"href":"https:\/\/blogs.correiobraziliense.com.br\/capital-sa\/wp-json\/wp\/v2\/posts"}],"about":[{"href":"https:\/\/blogs.correiobraziliense.com.br\/capital-sa\/wp-json\/wp\/v2\/types\/post"}],"author":[{"embeddable":true,"href":"https:\/\/blogs.correiobraziliense.com.br\/capital-sa\/wp-json\/wp\/v2\/users\/125"}],"replies":[{"embeddable":true,"href":"https:\/\/blogs.correiobraziliense.com.br\/capital-sa\/wp-json\/wp\/v2\/comments?post=8476"}],"version-history":[{"count":5,"href":"https:\/\/blogs.correiobraziliense.com.br\/capital-sa\/wp-json\/wp\/v2\/posts\/8476\/revisions"}],"predecessor-version":[{"id":8491,"href":"https:\/\/blogs.correiobraziliense.com.br\/capital-sa\/wp-json\/wp\/v2\/posts\/8476\/revisions\/8491"}],"wp:featuredmedia":[{"embeddable":true,"href":"https:\/\/blogs.correiobraziliense.com.br\/capital-sa\/wp-json\/wp\/v2\/media\/8480"}],"wp:attachment":[{"href":"https:\/\/blogs.correiobraziliense.com.br\/capital-sa\/wp-json\/wp\/v2\/media?parent=8476"}],"wp:term":[{"taxonomy":"category","embeddable":true,"href":"https:\/\/blogs.correiobraziliense.com.br\/capital-sa\/wp-json\/wp\/v2\/categories?post=8476"},{"taxonomy":"post_tag","embeddable":true,"href":"https:\/\/blogs.correiobraziliense.com.br\/capital-sa\/wp-json\/wp\/v2\/tags?post=8476"}],"curies":[{"name":"wp","href":"https:\/\/api.w.org\/{rel}","templated":true}]}}