{"id":8405,"date":"2022-06-22T15:14:57","date_gmt":"2022-06-22T18:14:57","guid":{"rendered":"https:\/\/blogs.correiobraziliense.com.br\/capital-sa\/?p=8405"},"modified":"2022-06-22T18:08:09","modified_gmt":"2022-06-22T21:08:09","slug":"bolsonaro-em-evento-da-cnc-diz-que-vai-recriar-ministerio-da-industria-e-do-comercio","status":"publish","type":"post","link":"https:\/\/blogs.correiobraziliense.com.br\/capital-sa\/2022\/06\/22\/bolsonaro-em-evento-da-cnc-diz-que-vai-recriar-ministerio-da-industria-e-do-comercio\/","title":{"rendered":"Bolsonaro, em evento da CNC, diz que vai recriar Minist\u00e9rio da  Ind\u00fastria e do Com\u00e9rcio"},"content":{"rendered":"<p class=\"p1\">Por Samanta Sallum<\/p>\n<p class=\"p1\"><span class=\"s1\">O presidente da Rep\u00fablica, Jair Bolsonaro, participou do lan\u00e7amento da Agenda Institucional do Com\u00e9rcio, na parte da manh\u00e3, em Bras\u00edlia. Falou sobre as medidas adotadas pelo governo em prol do setor. E afirmou a inten\u00e7\u00e3o de recriar o Minist\u00e9rio da Ind\u00fastria e do Com\u00e9rcio, com representante indicado pelos empres\u00e1rios. A fala foi em tom de promessa, apontando como uma medida para um segundo mandato. Ele mencionou\u00a0<\/span><span class=\"s1\">o impacto da pandemia sobre a economia.<\/span><\/p>\n<p class=\"p1\"><span class=\"s1\">\u201cMuitas cadeias produtivas foram afetadas, mas a nossa economia n\u00e3o parou em 2020, sobretudo por programas como Pronampe e aux\u00edlio emergencial. Em 2021, os senhores criaram mais empregos do que em anos sem pandemia, como 2014 e 2015\u201d, destacou no evento organizado pela Confedera\u00e7\u00e3o Nacional do Com\u00e9rcio de Bens, Servi\u00e7os e Turismo (CNC).<\/span><\/p>\n<p class=\"p1\"><span class=\"s1\">Bolsonaro foi recepcionado pelo presidente da CNC, Jos\u00e9 Roberto Tadros, que ressaltou se tratar de um f\u00f3rum que representa 73% do PIB do pa\u00eds. E entregou ao presidente a Agenda Institucional do Sistema Com\u00e9rcio \u2013 Propostas e Recomenda\u00e7\u00f5es de Pol\u00edticas P\u00fablicas do Com\u00e9rcio de Bens, Servi\u00e7os e Turismo<\/span><\/p>\n<p class=\"p1\"><span class=\"s1\">\u201cEste documento tem o intuito de contribuir com as pol\u00edticas p\u00fablicas, sempre com base no trin\u00f4mio de seguran\u00e7a jur\u00eddica, livre imprensa e democracia, que tanto prezamos\u201d, disse Tadros. Segundo ele, a agenda<span class=\"Apple-converted-space\">\u00a0<\/span>representa 5 milh\u00f5es de empresas, que geram 25 milh\u00f5es de empregos diretos e formais no pa\u00eds, al\u00e9m da representatividade do Sesc e do Senac, que alcan\u00e7am mais de 2 mil munic\u00edpios.<\/span><\/p>\n<p><b>Autonomia Banco Central\u00a0<\/b><\/p>\n<p>Bolsonaro defendeu a independ\u00eancia do Banco Central. &#8220;Entendo que um Banco Central independente \u00e9 importante. Hoje temos um PIB fant\u00e1stico e subimos para a 10\u00aa economia do mundo. Quem leva isso para a frente s\u00e3o voc\u00eas. Meu trabalho \u00e9 n\u00e3o atrapalhar&#8221;, disse o chefe do Executivo.<\/p>\n<p><b>Combust\u00edveis<\/b><\/p>\n<p>O Presidente da Rep\u00fablica aproveitou o espa\u00e7o para falar do impacto da alta de combust\u00edveis no Brasil para a sociedade, apontando que a situa\u00e7\u00e3o poderia estar melhor se n\u00e3o fosse pela atua\u00e7\u00e3o da Petrobras e os impostos. \u201cN\u00f3s vamos bancar o custo de despesas dos estados com diesel e g\u00e1s de cozinha. Tivemos o cuidado n\u00e3o s\u00f3 de n\u00e3o majorar os impostos, mas de diminuir.\u201d<\/p>\n<p>&nbsp;<\/p>\n<p>&nbsp;<\/p>\n","protected":false},"excerpt":{"rendered":"<p>Por Samanta Sallum O presidente da Rep\u00fablica, Jair Bolsonaro, participou do lan\u00e7amento da Agenda Institucional do Com\u00e9rcio, na parte da manh\u00e3, em Bras\u00edlia. Falou sobre as medidas adotadas pelo governo em prol do setor. E afirmou a inten\u00e7\u00e3o de recriar o Minist\u00e9rio da Ind\u00fastria e do Com\u00e9rcio, com representante indicado pelos empres\u00e1rios. A fala foi em tom de promessa, apontando [&hellip;]<\/p>\n","protected":false},"author":125,"featured_media":8408,"comment_status":"open","ping_status":"open","sticky":false,"template":"","format":"standard","meta":{"footnotes":""},"categories":[6],"tags":[1167,275,1168,42],"class_list":["post-8405","post","type-post","status-publish","format-standard","has-post-thumbnail","hentry","category-coluna-capital-s-a","tag-agendainstitucionaldocomercio","tag-cnc","tag-participacao","tag-bolsonaro"],"_links":{"self":[{"href":"https:\/\/blogs.correiobraziliense.com.br\/capital-sa\/wp-json\/wp\/v2\/posts\/8405","targetHints":{"allow":["GET"]}}],"collection":[{"href":"https:\/\/blogs.correiobraziliense.com.br\/capital-sa\/wp-json\/wp\/v2\/posts"}],"about":[{"href":"https:\/\/blogs.correiobraziliense.com.br\/capital-sa\/wp-json\/wp\/v2\/types\/post"}],"author":[{"embeddable":true,"href":"https:\/\/blogs.correiobraziliense.com.br\/capital-sa\/wp-json\/wp\/v2\/users\/125"}],"replies":[{"embeddable":true,"href":"https:\/\/blogs.correiobraziliense.com.br\/capital-sa\/wp-json\/wp\/v2\/comments?post=8405"}],"version-history":[{"count":11,"href":"https:\/\/blogs.correiobraziliense.com.br\/capital-sa\/wp-json\/wp\/v2\/posts\/8405\/revisions"}],"predecessor-version":[{"id":8419,"href":"https:\/\/blogs.correiobraziliense.com.br\/capital-sa\/wp-json\/wp\/v2\/posts\/8405\/revisions\/8419"}],"wp:featuredmedia":[{"embeddable":true,"href":"https:\/\/blogs.correiobraziliense.com.br\/capital-sa\/wp-json\/wp\/v2\/media\/8408"}],"wp:attachment":[{"href":"https:\/\/blogs.correiobraziliense.com.br\/capital-sa\/wp-json\/wp\/v2\/media?parent=8405"}],"wp:term":[{"taxonomy":"category","embeddable":true,"href":"https:\/\/blogs.correiobraziliense.com.br\/capital-sa\/wp-json\/wp\/v2\/categories?post=8405"},{"taxonomy":"post_tag","embeddable":true,"href":"https:\/\/blogs.correiobraziliense.com.br\/capital-sa\/wp-json\/wp\/v2\/tags?post=8405"}],"curies":[{"name":"wp","href":"https:\/\/api.w.org\/{rel}","templated":true}]}}