{"id":8347,"date":"2022-06-15T16:16:23","date_gmt":"2022-06-15T19:16:23","guid":{"rendered":"https:\/\/blogs.correiobraziliense.com.br\/capital-sa\/?p=8347"},"modified":"2022-06-20T12:17:42","modified_gmt":"2022-06-20T15:17:42","slug":"ibaneis-assina-decreto-que-contingencia-r-500-milhoes-do-orcamento-do-df","status":"publish","type":"post","link":"https:\/\/blogs.correiobraziliense.com.br\/capital-sa\/2022\/06\/15\/ibaneis-assina-decreto-que-contingencia-r-500-milhoes-do-orcamento-do-df\/","title":{"rendered":"Ibaneis assina decreto que contingencia R$ 500 milh\u00f5es do or\u00e7amento do DF"},"content":{"rendered":"<p class=\"p1\">Por Samanta Sallum<\/p>\n<p class=\"p1\"><span class=\"s1\">Saiu publicado agora, <em>Di\u00e1rio Oficial Extra do DF<\/em>, decreto que contingencia R$ 500 milh\u00f5es do or\u00e7amento p\u00fablico local. A medida \u00e9 reflexo da aprova\u00e7\u00e3o da lei, no Congresso Nacional, que definiu teto de 17% para al\u00edquota de ICMS dos combust\u00edveis.<\/span><\/p>\n<p>Na pr\u00e1tica, o decreto significa mesmo um corte no or\u00e7amento. O enxugamento incide apenas na base or\u00e7ament\u00e1ria permitida por lei. No caso da capital federal, o valor pass\u00edvel de corte chega a R$ 1,78 bi. Recursos para despesas, por exemplo, com folha de pagamento de servidores n\u00e3o podem ser contingenciados.<\/p>\n<p>O corte atingiu todas as administra\u00e7\u00f5es regionais e diversas secretarias de governo. O or\u00e7amento para os programas sociais foi preservado. No decreto, consta uma tabela com os valores dos cortes por \u00f3rg\u00e3o.<\/p>\n<p>A redu\u00e7\u00e3o por \u00e1reas foi proporcional ao tamanho de cada respectivo or\u00e7amento. Setores com maior volume previsto de recursos para este ano sofreram os cortes mais vultosos. Secretaria de Obras e Fundo de Sa\u00fade est\u00e3o entre eles.<\/p>\n<p><b>Ajustes<\/b><\/p>\n<p>No caso do Distrito Federal, a aprova\u00e7\u00e3o pelo Congresso do PLP 18\/ 22 representa perda de arrecada\u00e7\u00e3o este ano de R$ 800 milh\u00f5es. A equipe econ\u00f4mica local teve de ajustar agora a diferen\u00e7a entre receita e gastos p\u00fablicos.<\/p>\n<p class=\"p1\"><span class=\"s1\"> O governador Ibaneis Rocha assinou o decreto de contigenciamento do or\u00e7amento do DF hoje, um dia ap\u00f3s o projeto federal, que mexe no ICMS dos estados, ter sido aprovado novamente pela C\u00e2mara dos Deputados com nenhum voto contr\u00e1rio.<\/span><\/p>\n<p>Ser\u00e1 poss\u00edvel descontingenciar parte dos R$ 500 milh\u00f5es caso o GDF recupere alguma arrecada\u00e7\u00e3o.<\/p>\n<p>Outros estados devem seguir o mesmo exemplo da capital federal \u00a0para reequilibrar as finan\u00e7as com a proje\u00e7\u00e3o de perda de arrecada\u00e7\u00e3o.<\/p>\n<p>&nbsp;<\/p>\n","protected":false},"excerpt":{"rendered":"<p>Por Samanta Sallum Saiu publicado agora, Di\u00e1rio Oficial Extra do DF, decreto que contingencia R$ 500 milh\u00f5es do or\u00e7amento p\u00fablico local. A medida \u00e9 reflexo da aprova\u00e7\u00e3o da lei, no Congresso Nacional, que definiu teto de 17% para al\u00edquota de ICMS dos combust\u00edveis. Na pr\u00e1tica, o decreto significa mesmo um corte no or\u00e7amento. O enxugamento incide apenas na base or\u00e7ament\u00e1ria [&hellip;]<\/p>\n","protected":false},"author":125,"featured_media":8350,"comment_status":"open","ping_status":"open","sticky":false,"template":"","format":"standard","meta":{"footnotes":""},"categories":[6],"tags":[597,1161,1160,203,642,504],"class_list":["post-8347","post","type-post","status-publish","format-standard","has-post-thumbnail","hentry","category-coluna-capital-s-a","tag-arrecadacao","tag-contas","tag-contingenciamento","tag-gdf","tag-ibaneisrocha","tag-recursos"],"_links":{"self":[{"href":"https:\/\/blogs.correiobraziliense.com.br\/capital-sa\/wp-json\/wp\/v2\/posts\/8347","targetHints":{"allow":["GET"]}}],"collection":[{"href":"https:\/\/blogs.correiobraziliense.com.br\/capital-sa\/wp-json\/wp\/v2\/posts"}],"about":[{"href":"https:\/\/blogs.correiobraziliense.com.br\/capital-sa\/wp-json\/wp\/v2\/types\/post"}],"author":[{"embeddable":true,"href":"https:\/\/blogs.correiobraziliense.com.br\/capital-sa\/wp-json\/wp\/v2\/users\/125"}],"replies":[{"embeddable":true,"href":"https:\/\/blogs.correiobraziliense.com.br\/capital-sa\/wp-json\/wp\/v2\/comments?post=8347"}],"version-history":[{"count":26,"href":"https:\/\/blogs.correiobraziliense.com.br\/capital-sa\/wp-json\/wp\/v2\/posts\/8347\/revisions"}],"predecessor-version":[{"id":8384,"href":"https:\/\/blogs.correiobraziliense.com.br\/capital-sa\/wp-json\/wp\/v2\/posts\/8347\/revisions\/8384"}],"wp:featuredmedia":[{"embeddable":true,"href":"https:\/\/blogs.correiobraziliense.com.br\/capital-sa\/wp-json\/wp\/v2\/media\/8350"}],"wp:attachment":[{"href":"https:\/\/blogs.correiobraziliense.com.br\/capital-sa\/wp-json\/wp\/v2\/media?parent=8347"}],"wp:term":[{"taxonomy":"category","embeddable":true,"href":"https:\/\/blogs.correiobraziliense.com.br\/capital-sa\/wp-json\/wp\/v2\/categories?post=8347"},{"taxonomy":"post_tag","embeddable":true,"href":"https:\/\/blogs.correiobraziliense.com.br\/capital-sa\/wp-json\/wp\/v2\/tags?post=8347"}],"curies":[{"name":"wp","href":"https:\/\/api.w.org\/{rel}","templated":true}]}}